{"id":213,"date":"2023-07-12T12:00:00","date_gmt":"2023-07-12T15:00:00","guid":{"rendered":"https:\/\/lucianalluna.com\/habitualmente\/?p=213"},"modified":"2025-10-30T19:53:42","modified_gmt":"2025-10-30T22:53:42","slug":"estrategias-para-lidar-com-a-ansiedade","status":"publish","type":"post","link":"https:\/\/lucianalluna.com\/habitualmente\/estrategias-para-lidar-com-a-ansiedade\/","title":{"rendered":"Estrat\u00e9gias para lidar com a ansiedade"},"content":{"rendered":"\n<div class=\"wp-block-cover is-light\"><span aria-hidden=\"true\" class=\"wp-block-cover__background has-background-dim\"><\/span><img decoding=\"async\" width=\"2560\" height=\"1716\" class=\"wp-block-cover__image-background wp-image-214\" alt=\"Estrat\u00e9gias para lidar com a ansiedade\" src=\"https:\/\/lucianalluna.com\/habitualmente\/wp-content\/uploads\/2023\/07\/mulher-pensativa-com-as-maos-entrelacadas-sentada-na-cama-e-pensando-em-algo-scaled.jpg\" data-object-fit=\"cover\" srcset=\"https:\/\/lucianalluna.com\/habitualmente\/wp-content\/uploads\/2023\/07\/mulher-pensativa-com-as-maos-entrelacadas-sentada-na-cama-e-pensando-em-algo-scaled.jpg 2560w, https:\/\/lucianalluna.com\/habitualmente\/wp-content\/uploads\/2023\/07\/mulher-pensativa-com-as-maos-entrelacadas-sentada-na-cama-e-pensando-em-algo-300x201.jpg 300w, https:\/\/lucianalluna.com\/habitualmente\/wp-content\/uploads\/2023\/07\/mulher-pensativa-com-as-maos-entrelacadas-sentada-na-cama-e-pensando-em-algo-1024x686.jpg 1024w, https:\/\/lucianalluna.com\/habitualmente\/wp-content\/uploads\/2023\/07\/mulher-pensativa-com-as-maos-entrelacadas-sentada-na-cama-e-pensando-em-algo-768x515.jpg 768w, https:\/\/lucianalluna.com\/habitualmente\/wp-content\/uploads\/2023\/07\/mulher-pensativa-com-as-maos-entrelacadas-sentada-na-cama-e-pensando-em-algo-1536x1029.jpg 1536w, https:\/\/lucianalluna.com\/habitualmente\/wp-content\/uploads\/2023\/07\/mulher-pensativa-com-as-maos-entrelacadas-sentada-na-cama-e-pensando-em-algo-2048x1373.jpg 2048w\" sizes=\"(max-width: 2560px) 100vw, 2560px\" \/><div class=\"wp-block-cover__inner-container is-layout-flow wp-block-cover-is-layout-flow\">\n<p class=\"has-text-align-center has-large-font-size\"><\/p>\n<\/div><\/div>\n\n\n\n<p>Desde j\u00e1, enfatizo aqui que apesar de sabermos que lidar com a <a href=\"https:\/\/lucianalluna.com\/habitualmente\/?p=84\" target=\"_blank\" rel=\"noreferrer noopener\">ansiedade<\/a> pode ser desafiador,  existem v\u00e1rias estrat\u00e9gias que podem te auxiliar no controle dela. Desta forma, abaixo descrevo algumas estrat\u00e9gias: <\/p>\n\n\n\n<ol class=\"wp-block-list\">\n<li><strong>Identifique os gatilhos<\/strong>: Tente identificar as situa\u00e7\u00f5es ou pensamentos que costumam desencadear a <a href=\"https:\/\/lucianalluna.com\/habitualmente\/?p=84\" target=\"_blank\" rel=\"noreferrer noopener\">ansiedade<\/a> em voc\u00ea. Ainda mais sabendo que isso pode ajudar a antecipar e se preparar para lidar com eles de forma mais eficaz.<\/li>\n\n\n\n<li><strong>Pratique t\u00e9cnicas de relaxamento<\/strong>: Aprenda e pratique t\u00e9cnicas de relaxamento, como respira\u00e7\u00e3o profunda, medita\u00e7\u00e3o, ioga ou exerc\u00edcios de alongamento. Posteriormente, essas t\u00e9cnicas podem ajudar a acalmar a mente e o corpo.<\/li>\n\n\n\n<li><strong>Exercite-se regularmente<\/strong>: <a href=\"https:\/\/lucianalluna.com\/habitualmente\/?p=264&amp;preview=true\">A pr\u00e1tica de exerc\u00edcios f\u00edsicos<\/a>\u00a0regular pode ajudar a reduzir os n\u00edveis de ansiedade e aumentar a sensa\u00e7\u00e3o de bem-estar. Tente incluir pelo menos 30 minutos de exerc\u00edcio diariamente.<\/li>\n\n\n\n<li><strong>Tenha uma rotina de sono<\/strong>: Estabele\u00e7a uma rotina regular para dormir, com hor\u00e1rios consistentes de sono e despertar. O sono adequado \u00e9 essencial para o gerenciamento da <a href=\"https:\/\/lucianalluna.com\/habitualmente\/?p=84\" target=\"_blank\" rel=\"noreferrer noopener\">ansiedade<\/a>.<\/li>\n\n\n\n<li><strong>Evite estimulantes: <\/strong>Evite consumir cafe\u00edna, \u00e1lcool e tabaco, pois eles podem aumentar os sentimentos de <a href=\"https:\/\/lucianalluna.com\/habitualmente\/?p=84\" target=\"_blank\" rel=\"noreferrer noopener\">ansiedade<\/a>. Opte por op\u00e7\u00f5es mais saud\u00e1veis, como ch\u00e1 de ervas descafeinado.<\/li>\n\n\n\n<li><strong>Pratique a autocompaix\u00e3o:<\/strong> Seja gentil consigo mesmo e pratique a autocompaix\u00e3o. Reconhe\u00e7a que a <a href=\"https:\/\/lucianalluna.com\/habitualmente\/wp-admin\/posthttps:\/\/lucianalluna.com\/habitualmente\/?p=84.php?post=84&amp;action=edit\" target=\"_blank\" rel=\"noreferrer noopener\">ansiedade<\/a> \u00e9 uma luta comum e que voc\u00ea est\u00e1 fazendo o seu melhor para lidar com ela.<\/li>\n\n\n\n<li><strong>Procure apoio:<\/strong> N\u00e3o tenha medo de buscar ajuda profissional, como um terapeuta ou psic\u00f3logo. Eles podem ajudar a desenvolver t\u00e9cnicas adicionais de enfrentamento e oferecer suporte adequado.<\/li>\n<\/ol>\n\n\n\n<h4 class=\"wp-block-heading\"><strong>Conclus\u00e3o<\/strong><\/h4>\n\n\n\n<p>Em suma, lembre-se de que cada pessoa \u00e9 diferente e nem todas as estrat\u00e9gias podem funcionar para todos. Sob o mesmo ponto de vista, al\u00e9m das estrat\u00e9gias apresentadas acima para lidar com a ansiedade de forma saud\u00e1vel, \u00e9 importante levar em considera\u00e7\u00e3o estar atento e se observar para entender como voc\u00ea est\u00e1 no momento em que esteja sentindo-se desconfort\u00e1vel com a situa\u00e7\u00e3o, ou seja, como voc\u00ea se percebe, bem como, a sequ\u00eancia de sintomas. Vale salientar tamb\u00e9m, a import\u00e2ncia de experimentar diferentes t\u00e9cnicas e encontrar as que funcionam melhor para voc\u00ea.<\/p>\n\n\n\n<p><a href=\"https:\/\/sun.eduzz.com\/E94CE2E6\" target=\"_blank\" rel=\"noreferrer noopener\">Clique aqui e apre<\/a><a href=\"https:\/\/sun.eduzz.com\/E94CE2E6\">nda a lidar de forma saud\u00e1vel com as suas emo\u00e7\u00f5es no dia a dia!<\/a><\/p>\n","protected":false},"excerpt":{"rendered":"<p>Desde j\u00e1, enfatizo aqui que apesar de sabermos que lidar com a ansiedade pode ser desafiador, existem v\u00e1rias estrat\u00e9gias que podem te auxiliar no controle dela. Desta forma, abaixo descrevo algumas estrat\u00e9gias: Conclus\u00e3o Em suma, lembre-se de que cada pessoa \u00e9 diferente e nem todas as estrat\u00e9gias podem funcionar para todos. Sob o mesmo ponto &#8230; <a title=\"Estrat\u00e9gias para lidar com a ansiedade\" class=\"read-more\" href=\"https:\/\/lucianalluna.com\/habitualmente\/estrategias-para-lidar-com-a-ansiedade\/\" aria-label=\"Read more about Estrat\u00e9gias para lidar com a ansiedade\">Ler mais<\/a><\/p>\n","protected":false},"author":1,"featured_media":0,"comment_status":"closed","ping_status":"closed","sticky":false,"template":"","format":"standard","meta":{"footnotes":""},"categories":[1],"tags":[],"class_list":["post-213","post","type-post","status-publish","format-standard","hentry","category-blog"],"yoast_head":"<!-- This site is optimized with the Yoast SEO plugin v27.4 - https:\/\/yoast.com\/product\/yoast-seo-wordpress\/ -->\n<title>Estrat\u00e9gias para lidar com a ansiedade - Habitualmente<\/title>\n<meta name=\"robots\" content=\"index, follow, max-snippet:-1, max-image-preview:large, max-video-preview:-1\" \/>\n<link rel=\"canonical\" href=\"https:\/\/lucianalluna.com\/habitualmente\/estrategias-para-lidar-com-a-ansiedade\/\" \/>\n<meta property=\"og:locale\" content=\"pt_BR\" \/>\n<meta property=\"og:type\" content=\"article\" \/>\n<meta property=\"og:title\" content=\"Estrat\u00e9gias para lidar com a ansiedade - Habitualmente\" \/>\n<meta property=\"og:description\" content=\"Desde j\u00e1, enfatizo aqui que apesar de sabermos que lidar com a ansiedade pode ser desafiador, existem v\u00e1rias estrat\u00e9gias que podem te auxiliar no controle dela. Desta forma, abaixo descrevo algumas estrat\u00e9gias: Conclus\u00e3o Em suma, lembre-se de que cada pessoa \u00e9 diferente e nem todas as estrat\u00e9gias podem funcionar para todos. Sob o mesmo ponto ... Ler mais\" \/>\n<meta property=\"og:url\" content=\"https:\/\/lucianalluna.com\/habitualmente\/estrategias-para-lidar-com-a-ansiedade\/\" \/>\n<meta property=\"og:site_name\" content=\"Habitualmente\" \/>\n<meta property=\"article:published_time\" content=\"2023-07-12T15:00:00+00:00\" \/>\n<meta property=\"article:modified_time\" content=\"2025-10-30T22:53:42+00:00\" \/>\n<meta property=\"og:image\" content=\"https:\/\/lucianalluna.com\/habitualmente\/wp-content\/uploads\/2023\/07\/mulher-pensativa-com-as-maos-entrelacadas-sentada-na-cama-e-pensando-em-algo-scaled.jpg\" \/>\n\t<meta property=\"og:image:width\" content=\"2560\" \/>\n\t<meta property=\"og:image:height\" content=\"1716\" \/>\n\t<meta property=\"og:image:type\" content=\"image\/jpeg\" \/>\n<meta name=\"author\" content=\"llluna.psi\" \/>\n<meta name=\"twitter:card\" content=\"summary_large_image\" \/>\n<meta name=\"twitter:label1\" content=\"Escrito por\" \/>\n\t<meta name=\"twitter:data1\" content=\"llluna.psi\" \/>\n\t<meta name=\"twitter:label2\" content=\"Est. tempo de leitura\" \/>\n\t<meta name=\"twitter:data2\" content=\"3 minutos\" \/>\n<script type=\"application\/ld+json\" class=\"yoast-schema-graph\">{\"@context\":\"https:\\\/\\\/schema.org\",\"@graph\":[{\"@type\":\"Article\",\"@id\":\"https:\\\/\\\/lucianalluna.com\\\/habitualmente\\\/estrategias-para-lidar-com-a-ansiedade\\\/#article\",\"isPartOf\":{\"@id\":\"https:\\\/\\\/lucianalluna.com\\\/habitualmente\\\/estrategias-para-lidar-com-a-ansiedade\\\/\"},\"author\":{\"name\":\"llluna.psi\",\"@id\":\"https:\\\/\\\/lucianalluna.com\\\/habitualmente\\\/#\\\/schema\\\/person\\\/877ddd38b0ebfa261bc1b8db8ebc3743\"},\"headline\":\"Estrat\u00e9gias para lidar com a ansiedade\",\"datePublished\":\"2023-07-12T15:00:00+00:00\",\"dateModified\":\"2025-10-30T22:53:42+00:00\",\"mainEntityOfPage\":{\"@id\":\"https:\\\/\\\/lucianalluna.com\\\/habitualmente\\\/estrategias-para-lidar-com-a-ansiedade\\\/\"},\"wordCount\":395,\"publisher\":{\"@id\":\"https:\\\/\\\/lucianalluna.com\\\/habitualmente\\\/#\\\/schema\\\/person\\\/877ddd38b0ebfa261bc1b8db8ebc3743\"},\"image\":{\"@id\":\"https:\\\/\\\/lucianalluna.com\\\/habitualmente\\\/estrategias-para-lidar-com-a-ansiedade\\\/#primaryimage\"},\"thumbnailUrl\":\"https:\\\/\\\/lucianalluna.com\\\/habitualmente\\\/wp-content\\\/uploads\\\/2023\\\/07\\\/mulher-pensativa-com-as-maos-entrelacadas-sentada-na-cama-e-pensando-em-algo-scaled.jpg\",\"articleSection\":[\"Blog\"],\"inLanguage\":\"pt-BR\"},{\"@type\":\"WebPage\",\"@id\":\"https:\\\/\\\/lucianalluna.com\\\/habitualmente\\\/estrategias-para-lidar-com-a-ansiedade\\\/\",\"url\":\"https:\\\/\\\/lucianalluna.com\\\/habitualmente\\\/estrategias-para-lidar-com-a-ansiedade\\\/\",\"name\":\"Estrat\u00e9gias para lidar com a ansiedade - Habitualmente\",\"isPartOf\":{\"@id\":\"https:\\\/\\\/lucianalluna.com\\\/habitualmente\\\/#website\"},\"primaryImageOfPage\":{\"@id\":\"https:\\\/\\\/lucianalluna.com\\\/habitualmente\\\/estrategias-para-lidar-com-a-ansiedade\\\/#primaryimage\"},\"image\":{\"@id\":\"https:\\\/\\\/lucianalluna.com\\\/habitualmente\\\/estrategias-para-lidar-com-a-ansiedade\\\/#primaryimage\"},\"thumbnailUrl\":\"https:\\\/\\\/lucianalluna.com\\\/habitualmente\\\/wp-content\\\/uploads\\\/2023\\\/07\\\/mulher-pensativa-com-as-maos-entrelacadas-sentada-na-cama-e-pensando-em-algo-scaled.jpg\",\"datePublished\":\"2023-07-12T15:00:00+00:00\",\"dateModified\":\"2025-10-30T22:53:42+00:00\",\"breadcrumb\":{\"@id\":\"https:\\\/\\\/lucianalluna.com\\\/habitualmente\\\/estrategias-para-lidar-com-a-ansiedade\\\/#breadcrumb\"},\"inLanguage\":\"pt-BR\",\"potentialAction\":[{\"@type\":\"ReadAction\",\"target\":[\"https:\\\/\\\/lucianalluna.com\\\/habitualmente\\\/estrategias-para-lidar-com-a-ansiedade\\\/\"]}]},{\"@type\":\"ImageObject\",\"inLanguage\":\"pt-BR\",\"@id\":\"https:\\\/\\\/lucianalluna.com\\\/habitualmente\\\/estrategias-para-lidar-com-a-ansiedade\\\/#primaryimage\",\"url\":\"https:\\\/\\\/lucianalluna.com\\\/habitualmente\\\/wp-content\\\/uploads\\\/2023\\\/07\\\/mulher-pensativa-com-as-maos-entrelacadas-sentada-na-cama-e-pensando-em-algo-scaled.jpg\",\"contentUrl\":\"https:\\\/\\\/lucianalluna.com\\\/habitualmente\\\/wp-content\\\/uploads\\\/2023\\\/07\\\/mulher-pensativa-com-as-maos-entrelacadas-sentada-na-cama-e-pensando-em-algo-scaled.jpg\",\"width\":2560,\"height\":1716,\"caption\":\"Estrat\u00e9gias para lidar com a ansiedade\"},{\"@type\":\"BreadcrumbList\",\"@id\":\"https:\\\/\\\/lucianalluna.com\\\/habitualmente\\\/estrategias-para-lidar-com-a-ansiedade\\\/#breadcrumb\",\"itemListElement\":[{\"@type\":\"ListItem\",\"position\":1,\"name\":\"In\u00edcio\",\"item\":\"https:\\\/\\\/lucianalluna.com\\\/habitualmente\\\/\"},{\"@type\":\"ListItem\",\"position\":2,\"name\":\"Estrat\u00e9gias para lidar com a ansiedade\"}]},{\"@type\":\"WebSite\",\"@id\":\"https:\\\/\\\/lucianalluna.com\\\/habitualmente\\\/#website\",\"url\":\"https:\\\/\\\/lucianalluna.com\\\/habitualmente\\\/\",\"name\":\"Habitualmente\",\"description\":\"\",\"publisher\":{\"@id\":\"https:\\\/\\\/lucianalluna.com\\\/habitualmente\\\/#\\\/schema\\\/person\\\/877ddd38b0ebfa261bc1b8db8ebc3743\"},\"alternateName\":\"H\u00e1bitos\",\"potentialAction\":[{\"@type\":\"SearchAction\",\"target\":{\"@type\":\"EntryPoint\",\"urlTemplate\":\"https:\\\/\\\/lucianalluna.com\\\/habitualmente\\\/?s={search_term_string}\"},\"query-input\":{\"@type\":\"PropertyValueSpecification\",\"valueRequired\":true,\"valueName\":\"search_term_string\"}}],\"inLanguage\":\"pt-BR\"},{\"@type\":[\"Person\",\"Organization\"],\"@id\":\"https:\\\/\\\/lucianalluna.com\\\/habitualmente\\\/#\\\/schema\\\/person\\\/877ddd38b0ebfa261bc1b8db8ebc3743\",\"name\":\"llluna.psi\",\"image\":{\"@type\":\"ImageObject\",\"inLanguage\":\"pt-BR\",\"@id\":\"https:\\\/\\\/secure.gravatar.com\\\/avatar\\\/fd7828cafcc8e0dcb3d8dfe0a761586133106965efaf7b2db45b207d763d2283?s=96&d=mm&r=g\",\"url\":\"https:\\\/\\\/secure.gravatar.com\\\/avatar\\\/fd7828cafcc8e0dcb3d8dfe0a761586133106965efaf7b2db45b207d763d2283?s=96&d=mm&r=g\",\"contentUrl\":\"https:\\\/\\\/secure.gravatar.com\\\/avatar\\\/fd7828cafcc8e0dcb3d8dfe0a761586133106965efaf7b2db45b207d763d2283?s=96&d=mm&r=g\",\"caption\":\"llluna.psi\"},\"logo\":{\"@id\":\"https:\\\/\\\/secure.gravatar.com\\\/avatar\\\/fd7828cafcc8e0dcb3d8dfe0a761586133106965efaf7b2db45b207d763d2283?s=96&d=mm&r=g\"},\"description\":\"Sou Luciana L. Luna, Psic\u00f3loga Cl\u00ednica, graduada desde 2011, com atua\u00e7\u00e3o voltada para o atendimento psicol\u00f3gico online. Tenho me dedicado especialmente ao cuidado de pessoas que enfrentam sintomas de ansiedade, oferecendo um espa\u00e7o acolhedor, \u00e9tico e direcionado ao autoconhecimento e desenvolvimento emocional. Minha pr\u00e1tica \u00e9 fundamentada na Terapia Cognitivo-Comportamental (TCC), abordagem reconhecida cientificamente por sua efic\u00e1cia. Atrav\u00e9s dela, ajudo meus pacientes a compreenderem de forma mais clara a rela\u00e7\u00e3o entre pensamentos, emo\u00e7\u00f5es e comportamentos \u2014 promovendo mudan\u00e7as significativas na forma como interpretam e lidam com as situa\u00e7\u00f5es cotidianas. O objetivo \u00e9 que, com suporte t\u00e9cnico e reflex\u00e3o guiada, cada pessoa possa construir caminhos mais conscientes e saud\u00e1veis de enfrentamento, desenvolvendo uma nova forma de se relacionar consigo mesma, com os outros e com o mundo ao seu redor.\",\"sameAs\":[\"https:\\\/\\\/lucianalluna.com\\\/habitualmente\",\"https:\\\/\\\/www.instagram.com\\\/llluna.psi?igsh=MTg1ZDhqdGVyNG1reA==\"],\"url\":\"https:\\\/\\\/lucianalluna.com\\\/habitualmente\\\/author\\\/llluna-psi\\\/\"}]}<\/script>\n<!-- \/ Yoast SEO plugin. -->","yoast_head_json":{"title":"Estrat\u00e9gias para lidar com a ansiedade - Habitualmente","robots":{"index":"index","follow":"follow","max-snippet":"max-snippet:-1","max-image-preview":"max-image-preview:large","max-video-preview":"max-video-preview:-1"},"canonical":"https:\/\/lucianalluna.com\/habitualmente\/estrategias-para-lidar-com-a-ansiedade\/","og_locale":"pt_BR","og_type":"article","og_title":"Estrat\u00e9gias para lidar com a ansiedade - Habitualmente","og_description":"Desde j\u00e1, enfatizo aqui que apesar de sabermos que lidar com a ansiedade pode ser desafiador, existem v\u00e1rias estrat\u00e9gias que podem te auxiliar no controle dela. Desta forma, abaixo descrevo algumas estrat\u00e9gias: Conclus\u00e3o Em suma, lembre-se de que cada pessoa \u00e9 diferente e nem todas as estrat\u00e9gias podem funcionar para todos. Sob o mesmo ponto ... Ler mais","og_url":"https:\/\/lucianalluna.com\/habitualmente\/estrategias-para-lidar-com-a-ansiedade\/","og_site_name":"Habitualmente","article_published_time":"2023-07-12T15:00:00+00:00","article_modified_time":"2025-10-30T22:53:42+00:00","og_image":[{"width":2560,"height":1716,"url":"https:\/\/lucianalluna.com\/habitualmente\/wp-content\/uploads\/2023\/07\/mulher-pensativa-com-as-maos-entrelacadas-sentada-na-cama-e-pensando-em-algo-scaled.jpg","type":"image\/jpeg"}],"author":"llluna.psi","twitter_card":"summary_large_image","twitter_misc":{"Escrito por":"llluna.psi","Est. tempo de leitura":"3 minutos"},"schema":{"@context":"https:\/\/schema.org","@graph":[{"@type":"Article","@id":"https:\/\/lucianalluna.com\/habitualmente\/estrategias-para-lidar-com-a-ansiedade\/#article","isPartOf":{"@id":"https:\/\/lucianalluna.com\/habitualmente\/estrategias-para-lidar-com-a-ansiedade\/"},"author":{"name":"llluna.psi","@id":"https:\/\/lucianalluna.com\/habitualmente\/#\/schema\/person\/877ddd38b0ebfa261bc1b8db8ebc3743"},"headline":"Estrat\u00e9gias para lidar com a ansiedade","datePublished":"2023-07-12T15:00:00+00:00","dateModified":"2025-10-30T22:53:42+00:00","mainEntityOfPage":{"@id":"https:\/\/lucianalluna.com\/habitualmente\/estrategias-para-lidar-com-a-ansiedade\/"},"wordCount":395,"publisher":{"@id":"https:\/\/lucianalluna.com\/habitualmente\/#\/schema\/person\/877ddd38b0ebfa261bc1b8db8ebc3743"},"image":{"@id":"https:\/\/lucianalluna.com\/habitualmente\/estrategias-para-lidar-com-a-ansiedade\/#primaryimage"},"thumbnailUrl":"https:\/\/lucianalluna.com\/habitualmente\/wp-content\/uploads\/2023\/07\/mulher-pensativa-com-as-maos-entrelacadas-sentada-na-cama-e-pensando-em-algo-scaled.jpg","articleSection":["Blog"],"inLanguage":"pt-BR"},{"@type":"WebPage","@id":"https:\/\/lucianalluna.com\/habitualmente\/estrategias-para-lidar-com-a-ansiedade\/","url":"https:\/\/lucianalluna.com\/habitualmente\/estrategias-para-lidar-com-a-ansiedade\/","name":"Estrat\u00e9gias para lidar com a ansiedade - Habitualmente","isPartOf":{"@id":"https:\/\/lucianalluna.com\/habitualmente\/#website"},"primaryImageOfPage":{"@id":"https:\/\/lucianalluna.com\/habitualmente\/estrategias-para-lidar-com-a-ansiedade\/#primaryimage"},"image":{"@id":"https:\/\/lucianalluna.com\/habitualmente\/estrategias-para-lidar-com-a-ansiedade\/#primaryimage"},"thumbnailUrl":"https:\/\/lucianalluna.com\/habitualmente\/wp-content\/uploads\/2023\/07\/mulher-pensativa-com-as-maos-entrelacadas-sentada-na-cama-e-pensando-em-algo-scaled.jpg","datePublished":"2023-07-12T15:00:00+00:00","dateModified":"2025-10-30T22:53:42+00:00","breadcrumb":{"@id":"https:\/\/lucianalluna.com\/habitualmente\/estrategias-para-lidar-com-a-ansiedade\/#breadcrumb"},"inLanguage":"pt-BR","potentialAction":[{"@type":"ReadAction","target":["https:\/\/lucianalluna.com\/habitualmente\/estrategias-para-lidar-com-a-ansiedade\/"]}]},{"@type":"ImageObject","inLanguage":"pt-BR","@id":"https:\/\/lucianalluna.com\/habitualmente\/estrategias-para-lidar-com-a-ansiedade\/#primaryimage","url":"https:\/\/lucianalluna.com\/habitualmente\/wp-content\/uploads\/2023\/07\/mulher-pensativa-com-as-maos-entrelacadas-sentada-na-cama-e-pensando-em-algo-scaled.jpg","contentUrl":"https:\/\/lucianalluna.com\/habitualmente\/wp-content\/uploads\/2023\/07\/mulher-pensativa-com-as-maos-entrelacadas-sentada-na-cama-e-pensando-em-algo-scaled.jpg","width":2560,"height":1716,"caption":"Estrat\u00e9gias para lidar com a ansiedade"},{"@type":"BreadcrumbList","@id":"https:\/\/lucianalluna.com\/habitualmente\/estrategias-para-lidar-com-a-ansiedade\/#breadcrumb","itemListElement":[{"@type":"ListItem","position":1,"name":"In\u00edcio","item":"https:\/\/lucianalluna.com\/habitualmente\/"},{"@type":"ListItem","position":2,"name":"Estrat\u00e9gias para lidar com a ansiedade"}]},{"@type":"WebSite","@id":"https:\/\/lucianalluna.com\/habitualmente\/#website","url":"https:\/\/lucianalluna.com\/habitualmente\/","name":"Habitualmente","description":"","publisher":{"@id":"https:\/\/lucianalluna.com\/habitualmente\/#\/schema\/person\/877ddd38b0ebfa261bc1b8db8ebc3743"},"alternateName":"H\u00e1bitos","potentialAction":[{"@type":"SearchAction","target":{"@type":"EntryPoint","urlTemplate":"https:\/\/lucianalluna.com\/habitualmente\/?s={search_term_string}"},"query-input":{"@type":"PropertyValueSpecification","valueRequired":true,"valueName":"search_term_string"}}],"inLanguage":"pt-BR"},{"@type":["Person","Organization"],"@id":"https:\/\/lucianalluna.com\/habitualmente\/#\/schema\/person\/877ddd38b0ebfa261bc1b8db8ebc3743","name":"llluna.psi","image":{"@type":"ImageObject","inLanguage":"pt-BR","@id":"https:\/\/secure.gravatar.com\/avatar\/fd7828cafcc8e0dcb3d8dfe0a761586133106965efaf7b2db45b207d763d2283?s=96&d=mm&r=g","url":"https:\/\/secure.gravatar.com\/avatar\/fd7828cafcc8e0dcb3d8dfe0a761586133106965efaf7b2db45b207d763d2283?s=96&d=mm&r=g","contentUrl":"https:\/\/secure.gravatar.com\/avatar\/fd7828cafcc8e0dcb3d8dfe0a761586133106965efaf7b2db45b207d763d2283?s=96&d=mm&r=g","caption":"llluna.psi"},"logo":{"@id":"https:\/\/secure.gravatar.com\/avatar\/fd7828cafcc8e0dcb3d8dfe0a761586133106965efaf7b2db45b207d763d2283?s=96&d=mm&r=g"},"description":"Sou Luciana L. Luna, Psic\u00f3loga Cl\u00ednica, graduada desde 2011, com atua\u00e7\u00e3o voltada para o atendimento psicol\u00f3gico online. Tenho me dedicado especialmente ao cuidado de pessoas que enfrentam sintomas de ansiedade, oferecendo um espa\u00e7o acolhedor, \u00e9tico e direcionado ao autoconhecimento e desenvolvimento emocional. Minha pr\u00e1tica \u00e9 fundamentada na Terapia Cognitivo-Comportamental (TCC), abordagem reconhecida cientificamente por sua efic\u00e1cia. Atrav\u00e9s dela, ajudo meus pacientes a compreenderem de forma mais clara a rela\u00e7\u00e3o entre pensamentos, emo\u00e7\u00f5es e comportamentos \u2014 promovendo mudan\u00e7as significativas na forma como interpretam e lidam com as situa\u00e7\u00f5es cotidianas. O objetivo \u00e9 que, com suporte t\u00e9cnico e reflex\u00e3o guiada, cada pessoa possa construir caminhos mais conscientes e saud\u00e1veis de enfrentamento, desenvolvendo uma nova forma de se relacionar consigo mesma, com os outros e com o mundo ao seu redor.","sameAs":["https:\/\/lucianalluna.com\/habitualmente","https:\/\/www.instagram.com\/llluna.psi?igsh=MTg1ZDhqdGVyNG1reA=="],"url":"https:\/\/lucianalluna.com\/habitualmente\/author\/llluna-psi\/"}]}},"_links":{"self":[{"href":"https:\/\/lucianalluna.com\/habitualmente\/wp-json\/wp\/v2\/posts\/213","targetHints":{"allow":["GET"]}}],"collection":[{"href":"https:\/\/lucianalluna.com\/habitualmente\/wp-json\/wp\/v2\/posts"}],"about":[{"href":"https:\/\/lucianalluna.com\/habitualmente\/wp-json\/wp\/v2\/types\/post"}],"author":[{"embeddable":true,"href":"https:\/\/lucianalluna.com\/habitualmente\/wp-json\/wp\/v2\/users\/1"}],"replies":[{"embeddable":true,"href":"https:\/\/lucianalluna.com\/habitualmente\/wp-json\/wp\/v2\/comments?post=213"}],"version-history":[{"count":9,"href":"https:\/\/lucianalluna.com\/habitualmente\/wp-json\/wp\/v2\/posts\/213\/revisions"}],"predecessor-version":[{"id":329,"href":"https:\/\/lucianalluna.com\/habitualmente\/wp-json\/wp\/v2\/posts\/213\/revisions\/329"}],"wp:attachment":[{"href":"https:\/\/lucianalluna.com\/habitualmente\/wp-json\/wp\/v2\/media?parent=213"}],"wp:term":[{"taxonomy":"category","embeddable":true,"href":"https:\/\/lucianalluna.com\/habitualmente\/wp-json\/wp\/v2\/categories?post=213"},{"taxonomy":"post_tag","embeddable":true,"href":"https:\/\/lucianalluna.com\/habitualmente\/wp-json\/wp\/v2\/tags?post=213"}],"curies":[{"name":"wp","href":"https:\/\/api.w.org\/{rel}","templated":true}]}}