{"id":236,"date":"2023-07-30T11:36:25","date_gmt":"2023-07-30T14:36:25","guid":{"rendered":"https:\/\/lucianalluna.com\/habitualmente\/?p=236"},"modified":"2025-10-30T19:53:14","modified_gmt":"2025-10-30T22:53:14","slug":"o-medo-e-uma-emocao-inerente-a-todos-nos","status":"publish","type":"post","link":"https:\/\/lucianalluna.com\/habitualmente\/o-medo-e-uma-emocao-inerente-a-todos-nos\/","title":{"rendered":"O medo \u00e9 uma emo\u00e7\u00e3o inerente a todos n\u00f3s. Identifique-os."},"content":{"rendered":"\n<figure class=\"wp-block-image size-large\"><img decoding=\"async\" width=\"1024\" height=\"683\" src=\"https:\/\/lucianalluna.com\/habitualmente\/wp-content\/uploads\/2023\/07\/retrato-de-infeliz-jovem-mulher-caucasiana-bonita-com-longos-cabelos-escuros-na-camiseta-cinza-casual-roendo-os-dedos-com-expressao-de-medo-1024x683.jpg\" alt=\"Enfrentar e desvendar o poder de superar o medo\" class=\"wp-image-239\" srcset=\"https:\/\/lucianalluna.com\/habitualmente\/wp-content\/uploads\/2023\/07\/retrato-de-infeliz-jovem-mulher-caucasiana-bonita-com-longos-cabelos-escuros-na-camiseta-cinza-casual-roendo-os-dedos-com-expressao-de-medo-1024x683.jpg 1024w, https:\/\/lucianalluna.com\/habitualmente\/wp-content\/uploads\/2023\/07\/retrato-de-infeliz-jovem-mulher-caucasiana-bonita-com-longos-cabelos-escuros-na-camiseta-cinza-casual-roendo-os-dedos-com-expressao-de-medo-300x200.jpg 300w, https:\/\/lucianalluna.com\/habitualmente\/wp-content\/uploads\/2023\/07\/retrato-de-infeliz-jovem-mulher-caucasiana-bonita-com-longos-cabelos-escuros-na-camiseta-cinza-casual-roendo-os-dedos-com-expressao-de-medo-768x512.jpg 768w, https:\/\/lucianalluna.com\/habitualmente\/wp-content\/uploads\/2023\/07\/retrato-de-infeliz-jovem-mulher-caucasiana-bonita-com-longos-cabelos-escuros-na-camiseta-cinza-casual-roendo-os-dedos-com-expressao-de-medo-1536x1024.jpg 1536w, https:\/\/lucianalluna.com\/habitualmente\/wp-content\/uploads\/2023\/07\/retrato-de-infeliz-jovem-mulher-caucasiana-bonita-com-longos-cabelos-escuros-na-camiseta-cinza-casual-roendo-os-dedos-com-expressao-de-medo-2048x1365.jpg 2048w\" sizes=\"(max-width: 1024px) 100vw, 1024px\" \/><\/figure>\n\n\n\n<p>           Ol\u00e1! Hoje, te convido \u00e0 mergulhar, enfrentar e desvendar o poder de superar um tema intrigante e, muitas vezes, desafiador: o medo. O medo \u00e9 uma emo\u00e7\u00e3o inerente a todos n\u00f3s, e cada indiv\u00edduo experimenta-o de maneiras \u00fanicas. Al\u00e9m disso, algumas pessoas s\u00e3o capazes de enfrent\u00e1-lo de frente, enquanto outras ficam paralisadas por ele. Nesse sentido, vamos explorar a natureza do medo, suas origens evolutivas e, o mais importante, discutir como podemos super\u00e1-lo para alcan\u00e7ar nosso potencial m\u00e1ximo.<\/p>\n\n\n\n<h3 class=\"wp-block-heading\"><strong>O Medo \u00e9 uma Emo\u00e7\u00e3o Primitiva<\/strong> <\/h3>\n\n\n\n<p>         Desde os prim\u00f3rdios da humanidade, o medo \u00e9 uma emo\u00e7\u00e3o essencial para nossa sobreviv\u00eancia. Contudo, nossos ancestrais aprenderam a temer predadores, situa\u00e7\u00f5es perigosas e amea\u00e7as \u00e0 vida. Essa resposta de luta ou fuga, herdada de nossos antepassados, ainda se manifesta em nosso c\u00e9rebro hoje, influenciando nossas rea\u00e7\u00f5es a diferentes est\u00edmulos.<\/p>\n\n\n\n<h3 class=\"wp-block-heading\"><strong>Identificando Nossos Medos<\/strong> <\/h3>\n\n\n\n<p>           Primeiramente, antes de superarmos nossos medos, precisamos identific\u00e1-los. Ainda mais, porque o medo por ser uma emo\u00e7\u00e3o que faz da nossa exist\u00eancia, ele pode se manifestar de v\u00e1rias formas, como o medo do fracasso, do desconhecido, do julgamento dos outros ou at\u00e9 mesmo o medo do sucesso. Todavia, \u00e9 crucial entendermos nossos medos pessoais, pois isso nos permite abord\u00e1-los de maneira mais eficiente.<\/p>\n\n\n\n<h3 class=\"wp-block-heading\"><strong>Enfrentando o Medo de Cabe\u00e7a Erguida<\/strong> <\/h3>\n\n\n\n<p>          \u00c0 princ\u00edpio, por mais que o medo seja uma emo\u00e7\u00e3o que todos n\u00f3s temos, enfrent\u00e1-lo pode ser assustador, mas \u00e9 um passo crucial para o nosso crescimento pessoal. Da mesma forma, \u00e9 importante lembrar que a coragem n\u00e3o significa aus\u00eancia de medo, mas sim agir apesar dele. Desse modo, ao enfrentarmos nossos medos, permitimos que nossas mentes se expandam e nossas habilidades se aperfei\u00e7oem.<\/p>\n\n\n\n<h3 class=\"wp-block-heading\"><strong>Aprendendo com o Medo<\/strong> <\/h3>\n\n\n\n<p>        O medo n\u00e3o \u00e9 apenas um obst\u00e1culo; tamb\u00e9m \u00e9 uma oportunidade para aprendizado e crescimento. Quando nos permitimos enfrentar nossos medos, descobrimos nossa resili\u00eancia e nossa capacidade de adapta\u00e7\u00e3o. Cada desafio superado nos torna mais fortes e nos prepara para lidar com futuras adversidades.<\/p>\n\n\n\n<h3 class=\"wp-block-heading\"><strong>Buscando ajuda e apoio<\/strong><\/h3>\n\n\n\n<p>        Superar medos profundamente enraizados pode ser um desafio solit\u00e1rio. N\u00e3o hesite em procurar ajuda e apoio de amigos, familiares ou profissionais. \u00c0s vezes, compartilhar nossos medos com outros nos ajuda a ganhar uma perspectiva diferente e nos encoraja a seguir em frente.<\/p>\n\n\n\n<h3 class=\"wp-block-heading\"><strong>Celebrando as Pequenas Vit\u00f3rias<\/strong><\/h3>\n\n\n\n<p>        Superar medos n\u00e3o \u00e9 uma jornada r\u00e1pida e linear. \u00c9 uma caminhada cheia de altos e baixos. Celebre cada pequena vit\u00f3ria ao longo do caminho. Cada passo dado em dire\u00e7\u00e3o ao enfrentamento do medo merece reconhecimento e comemora\u00e7\u00e3o.<\/p>\n\n\n\n<p><strong>Conclus\u00e3o:<\/strong> Enfrentar e desvendar o poder de superar o medo pode ser desafiador, pois o medo pode ser um advers\u00e1rio poderoso, mas n\u00e3o devemos permitir que ele nos impe\u00e7a de alcan\u00e7ar nossos objetivos e sonhos. J\u00e1 que o medo \u00e9 uma emo\u00e7\u00e3o inerente a todos n\u00f3s, n\u00e3o deveria ser um desafio enfrent\u00e1-lo, e sim termos  coragem e determina\u00e7\u00e3o em busca do nosso crescimento pessoal com o objetivo de alcan\u00e7ar nosso potencial m\u00e1ximo. Ent\u00e3o, vamos abra\u00e7ar nossos medos, aprender com eles e transform\u00e1-los em degraus em nossa jornada de evolu\u00e7\u00e3o.<\/p>\n\n\n\n<p><strong><a href=\"https:\/\/sun.eduzz.com\/E94CE2E6\" target=\"_blank\" rel=\"noreferrer noopener\">Busque ajuda e apoio<\/a><\/strong> <\/p>\n\n\n\n<p>E voc\u00ea, caro leitor, j\u00e1 enfrentou algum medo recentemente? Compartilhe suas experi\u00eancias nos coment\u00e1rios abaixo e inspire outros a enfrentarem seus pr\u00f3prios desafios! Juntos, podemos encorajar uns aos outros a crescer e evoluir. At\u00e9 a pr\u00f3xima! \ud83d\ude09<\/p>\n","protected":false},"excerpt":{"rendered":"<p>Ol\u00e1! Hoje, te convido \u00e0 mergulhar, enfrentar e desvendar o poder de superar um tema intrigante e, muitas vezes, desafiador: o medo. O medo \u00e9 uma emo\u00e7\u00e3o inerente a todos n\u00f3s, e cada indiv\u00edduo experimenta-o de maneiras \u00fanicas. Al\u00e9m disso, algumas pessoas s\u00e3o capazes de enfrent\u00e1-lo de frente, enquanto outras ficam paralisadas por ele. Nesse &#8230; <a title=\"O medo \u00e9 uma emo\u00e7\u00e3o inerente a todos n\u00f3s. Identifique-os.\" class=\"read-more\" href=\"https:\/\/lucianalluna.com\/habitualmente\/o-medo-e-uma-emocao-inerente-a-todos-nos\/\" aria-label=\"Read more about O medo \u00e9 uma emo\u00e7\u00e3o inerente a todos n\u00f3s. Identifique-os.\">Ler mais<\/a><\/p>\n","protected":false},"author":1,"featured_media":0,"comment_status":"open","ping_status":"open","sticky":false,"template":"","format":"standard","meta":{"footnotes":""},"categories":[1],"tags":[],"class_list":["post-236","post","type-post","status-publish","format-standard","hentry","category-blog"],"yoast_head":"<!-- This site is optimized with the Yoast SEO plugin v27.4 - https:\/\/yoast.com\/product\/yoast-seo-wordpress\/ -->\n<title>O medo \u00e9 uma emo\u00e7\u00e3o inerente a todos n\u00f3s. Identifique-os. -<\/title>\n<meta name=\"description\" content=\"Vamos mergulhar e desvendar o poder de superar um tema intrigante e, muitas vezes, desafiador: o medo. O medo \u00e9 uma emo\u00e7\u00e3o inerente a todos.\" \/>\n<meta name=\"robots\" content=\"index, follow, max-snippet:-1, max-image-preview:large, max-video-preview:-1\" \/>\n<link rel=\"canonical\" href=\"https:\/\/lucianalluna.com\/habitualmente\/o-medo-e-uma-emocao-inerente-a-todos-nos\/\" \/>\n<meta property=\"og:locale\" content=\"pt_BR\" \/>\n<meta property=\"og:type\" content=\"article\" \/>\n<meta property=\"og:title\" content=\"O medo \u00e9 uma emo\u00e7\u00e3o inerente a todos n\u00f3s. Identifique-os. -\" \/>\n<meta property=\"og:description\" content=\"Vamos mergulhar e desvendar o poder de superar um tema intrigante e, muitas vezes, desafiador: o medo. O medo \u00e9 uma emo\u00e7\u00e3o inerente a todos.\" \/>\n<meta property=\"og:url\" content=\"https:\/\/lucianalluna.com\/habitualmente\/o-medo-e-uma-emocao-inerente-a-todos-nos\/\" \/>\n<meta property=\"og:site_name\" content=\"Habitualmente\" \/>\n<meta property=\"article:published_time\" content=\"2023-07-30T14:36:25+00:00\" \/>\n<meta property=\"article:modified_time\" content=\"2025-10-30T22:53:14+00:00\" \/>\n<meta property=\"og:image\" content=\"https:\/\/lucianalluna.com\/habitualmente\/wp-content\/uploads\/2023\/07\/retrato-de-infeliz-jovem-mulher-caucasiana-bonita-com-longos-cabelos-escuros-na-camiseta-cinza-casual-roendo-os-dedos-com-expressao-de-medo-scaled.jpg\" \/>\n\t<meta property=\"og:image:width\" content=\"2560\" \/>\n\t<meta property=\"og:image:height\" content=\"1707\" \/>\n\t<meta property=\"og:image:type\" content=\"image\/jpeg\" \/>\n<meta name=\"author\" content=\"llluna.psi\" \/>\n<meta name=\"twitter:card\" content=\"summary_large_image\" \/>\n<meta name=\"twitter:label1\" content=\"Escrito por\" \/>\n\t<meta name=\"twitter:data1\" content=\"llluna.psi\" \/>\n\t<meta name=\"twitter:label2\" content=\"Est. tempo de leitura\" \/>\n\t<meta name=\"twitter:data2\" content=\"4 minutos\" \/>\n<script type=\"application\/ld+json\" class=\"yoast-schema-graph\">{\"@context\":\"https:\\\/\\\/schema.org\",\"@graph\":[{\"@type\":\"Article\",\"@id\":\"https:\\\/\\\/lucianalluna.com\\\/habitualmente\\\/o-medo-e-uma-emocao-inerente-a-todos-nos\\\/#article\",\"isPartOf\":{\"@id\":\"https:\\\/\\\/lucianalluna.com\\\/habitualmente\\\/o-medo-e-uma-emocao-inerente-a-todos-nos\\\/\"},\"author\":{\"name\":\"llluna.psi\",\"@id\":\"https:\\\/\\\/lucianalluna.com\\\/habitualmente\\\/#\\\/schema\\\/person\\\/877ddd38b0ebfa261bc1b8db8ebc3743\"},\"headline\":\"O medo \u00e9 uma emo\u00e7\u00e3o inerente a todos n\u00f3s. Identifique-os.\",\"datePublished\":\"2023-07-30T14:36:25+00:00\",\"dateModified\":\"2025-10-30T22:53:14+00:00\",\"mainEntityOfPage\":{\"@id\":\"https:\\\/\\\/lucianalluna.com\\\/habitualmente\\\/o-medo-e-uma-emocao-inerente-a-todos-nos\\\/\"},\"wordCount\":596,\"commentCount\":0,\"publisher\":{\"@id\":\"https:\\\/\\\/lucianalluna.com\\\/habitualmente\\\/#\\\/schema\\\/person\\\/877ddd38b0ebfa261bc1b8db8ebc3743\"},\"image\":{\"@id\":\"https:\\\/\\\/lucianalluna.com\\\/habitualmente\\\/o-medo-e-uma-emocao-inerente-a-todos-nos\\\/#primaryimage\"},\"thumbnailUrl\":\"https:\\\/\\\/lucianalluna.com\\\/habitualmente\\\/wp-content\\\/uploads\\\/2023\\\/07\\\/retrato-de-infeliz-jovem-mulher-caucasiana-bonita-com-longos-cabelos-escuros-na-camiseta-cinza-casual-roendo-os-dedos-com-expressao-de-medo-1024x683.jpg\",\"articleSection\":[\"Blog\"],\"inLanguage\":\"pt-BR\",\"potentialAction\":[{\"@type\":\"CommentAction\",\"name\":\"Comment\",\"target\":[\"https:\\\/\\\/lucianalluna.com\\\/habitualmente\\\/o-medo-e-uma-emocao-inerente-a-todos-nos\\\/#respond\"]}]},{\"@type\":\"WebPage\",\"@id\":\"https:\\\/\\\/lucianalluna.com\\\/habitualmente\\\/o-medo-e-uma-emocao-inerente-a-todos-nos\\\/\",\"url\":\"https:\\\/\\\/lucianalluna.com\\\/habitualmente\\\/o-medo-e-uma-emocao-inerente-a-todos-nos\\\/\",\"name\":\"O medo \u00e9 uma emo\u00e7\u00e3o inerente a todos n\u00f3s. Identifique-os. -\",\"isPartOf\":{\"@id\":\"https:\\\/\\\/lucianalluna.com\\\/habitualmente\\\/#website\"},\"primaryImageOfPage\":{\"@id\":\"https:\\\/\\\/lucianalluna.com\\\/habitualmente\\\/o-medo-e-uma-emocao-inerente-a-todos-nos\\\/#primaryimage\"},\"image\":{\"@id\":\"https:\\\/\\\/lucianalluna.com\\\/habitualmente\\\/o-medo-e-uma-emocao-inerente-a-todos-nos\\\/#primaryimage\"},\"thumbnailUrl\":\"https:\\\/\\\/lucianalluna.com\\\/habitualmente\\\/wp-content\\\/uploads\\\/2023\\\/07\\\/retrato-de-infeliz-jovem-mulher-caucasiana-bonita-com-longos-cabelos-escuros-na-camiseta-cinza-casual-roendo-os-dedos-com-expressao-de-medo-1024x683.jpg\",\"datePublished\":\"2023-07-30T14:36:25+00:00\",\"dateModified\":\"2025-10-30T22:53:14+00:00\",\"description\":\"Vamos mergulhar e desvendar o poder de superar um tema intrigante e, muitas vezes, desafiador: o medo. O medo \u00e9 uma emo\u00e7\u00e3o inerente a todos.\",\"breadcrumb\":{\"@id\":\"https:\\\/\\\/lucianalluna.com\\\/habitualmente\\\/o-medo-e-uma-emocao-inerente-a-todos-nos\\\/#breadcrumb\"},\"inLanguage\":\"pt-BR\",\"potentialAction\":[{\"@type\":\"ReadAction\",\"target\":[\"https:\\\/\\\/lucianalluna.com\\\/habitualmente\\\/o-medo-e-uma-emocao-inerente-a-todos-nos\\\/\"]}]},{\"@type\":\"ImageObject\",\"inLanguage\":\"pt-BR\",\"@id\":\"https:\\\/\\\/lucianalluna.com\\\/habitualmente\\\/o-medo-e-uma-emocao-inerente-a-todos-nos\\\/#primaryimage\",\"url\":\"https:\\\/\\\/lucianalluna.com\\\/habitualmente\\\/wp-content\\\/uploads\\\/2023\\\/07\\\/retrato-de-infeliz-jovem-mulher-caucasiana-bonita-com-longos-cabelos-escuros-na-camiseta-cinza-casual-roendo-os-dedos-com-expressao-de-medo-scaled.jpg\",\"contentUrl\":\"https:\\\/\\\/lucianalluna.com\\\/habitualmente\\\/wp-content\\\/uploads\\\/2023\\\/07\\\/retrato-de-infeliz-jovem-mulher-caucasiana-bonita-com-longos-cabelos-escuros-na-camiseta-cinza-casual-roendo-os-dedos-com-expressao-de-medo-scaled.jpg\",\"width\":2560,\"height\":1707,\"caption\":\"Portrait of unhappy young good-looking caucasian woman with long dark hair in casual gray t-shirt gnawing fingers, looking in camera with scared expression, worried about someone stolen her smartphone.\"},{\"@type\":\"BreadcrumbList\",\"@id\":\"https:\\\/\\\/lucianalluna.com\\\/habitualmente\\\/o-medo-e-uma-emocao-inerente-a-todos-nos\\\/#breadcrumb\",\"itemListElement\":[{\"@type\":\"ListItem\",\"position\":1,\"name\":\"In\u00edcio\",\"item\":\"https:\\\/\\\/lucianalluna.com\\\/habitualmente\\\/\"},{\"@type\":\"ListItem\",\"position\":2,\"name\":\"O medo \u00e9 uma emo\u00e7\u00e3o inerente a todos n\u00f3s. Identifique-os.\"}]},{\"@type\":\"WebSite\",\"@id\":\"https:\\\/\\\/lucianalluna.com\\\/habitualmente\\\/#website\",\"url\":\"https:\\\/\\\/lucianalluna.com\\\/habitualmente\\\/\",\"name\":\"Habitualmente\",\"description\":\"\",\"publisher\":{\"@id\":\"https:\\\/\\\/lucianalluna.com\\\/habitualmente\\\/#\\\/schema\\\/person\\\/877ddd38b0ebfa261bc1b8db8ebc3743\"},\"alternateName\":\"H\u00e1bitos\",\"potentialAction\":[{\"@type\":\"SearchAction\",\"target\":{\"@type\":\"EntryPoint\",\"urlTemplate\":\"https:\\\/\\\/lucianalluna.com\\\/habitualmente\\\/?s={search_term_string}\"},\"query-input\":{\"@type\":\"PropertyValueSpecification\",\"valueRequired\":true,\"valueName\":\"search_term_string\"}}],\"inLanguage\":\"pt-BR\"},{\"@type\":[\"Person\",\"Organization\"],\"@id\":\"https:\\\/\\\/lucianalluna.com\\\/habitualmente\\\/#\\\/schema\\\/person\\\/877ddd38b0ebfa261bc1b8db8ebc3743\",\"name\":\"llluna.psi\",\"image\":{\"@type\":\"ImageObject\",\"inLanguage\":\"pt-BR\",\"@id\":\"https:\\\/\\\/secure.gravatar.com\\\/avatar\\\/fd7828cafcc8e0dcb3d8dfe0a761586133106965efaf7b2db45b207d763d2283?s=96&d=mm&r=g\",\"url\":\"https:\\\/\\\/secure.gravatar.com\\\/avatar\\\/fd7828cafcc8e0dcb3d8dfe0a761586133106965efaf7b2db45b207d763d2283?s=96&d=mm&r=g\",\"contentUrl\":\"https:\\\/\\\/secure.gravatar.com\\\/avatar\\\/fd7828cafcc8e0dcb3d8dfe0a761586133106965efaf7b2db45b207d763d2283?s=96&d=mm&r=g\",\"caption\":\"llluna.psi\"},\"logo\":{\"@id\":\"https:\\\/\\\/secure.gravatar.com\\\/avatar\\\/fd7828cafcc8e0dcb3d8dfe0a761586133106965efaf7b2db45b207d763d2283?s=96&d=mm&r=g\"},\"description\":\"Sou Luciana L. Luna, Psic\u00f3loga Cl\u00ednica, graduada desde 2011, com atua\u00e7\u00e3o voltada para o atendimento psicol\u00f3gico online. Tenho me dedicado especialmente ao cuidado de pessoas que enfrentam sintomas de ansiedade, oferecendo um espa\u00e7o acolhedor, \u00e9tico e direcionado ao autoconhecimento e desenvolvimento emocional. Minha pr\u00e1tica \u00e9 fundamentada na Terapia Cognitivo-Comportamental (TCC), abordagem reconhecida cientificamente por sua efic\u00e1cia. Atrav\u00e9s dela, ajudo meus pacientes a compreenderem de forma mais clara a rela\u00e7\u00e3o entre pensamentos, emo\u00e7\u00f5es e comportamentos \u2014 promovendo mudan\u00e7as significativas na forma como interpretam e lidam com as situa\u00e7\u00f5es cotidianas. O objetivo \u00e9 que, com suporte t\u00e9cnico e reflex\u00e3o guiada, cada pessoa possa construir caminhos mais conscientes e saud\u00e1veis de enfrentamento, desenvolvendo uma nova forma de se relacionar consigo mesma, com os outros e com o mundo ao seu redor.\",\"sameAs\":[\"https:\\\/\\\/lucianalluna.com\\\/habitualmente\",\"https:\\\/\\\/www.instagram.com\\\/llluna.psi?igsh=MTg1ZDhqdGVyNG1reA==\"],\"url\":\"https:\\\/\\\/lucianalluna.com\\\/habitualmente\\\/author\\\/llluna-psi\\\/\"}]}<\/script>\n<!-- \/ Yoast SEO plugin. -->","yoast_head_json":{"title":"O medo \u00e9 uma emo\u00e7\u00e3o inerente a todos n\u00f3s. Identifique-os. -","description":"Vamos mergulhar e desvendar o poder de superar um tema intrigante e, muitas vezes, desafiador: o medo. O medo \u00e9 uma emo\u00e7\u00e3o inerente a todos.","robots":{"index":"index","follow":"follow","max-snippet":"max-snippet:-1","max-image-preview":"max-image-preview:large","max-video-preview":"max-video-preview:-1"},"canonical":"https:\/\/lucianalluna.com\/habitualmente\/o-medo-e-uma-emocao-inerente-a-todos-nos\/","og_locale":"pt_BR","og_type":"article","og_title":"O medo \u00e9 uma emo\u00e7\u00e3o inerente a todos n\u00f3s. Identifique-os. -","og_description":"Vamos mergulhar e desvendar o poder de superar um tema intrigante e, muitas vezes, desafiador: o medo. O medo \u00e9 uma emo\u00e7\u00e3o inerente a todos.","og_url":"https:\/\/lucianalluna.com\/habitualmente\/o-medo-e-uma-emocao-inerente-a-todos-nos\/","og_site_name":"Habitualmente","article_published_time":"2023-07-30T14:36:25+00:00","article_modified_time":"2025-10-30T22:53:14+00:00","og_image":[{"width":2560,"height":1707,"url":"https:\/\/lucianalluna.com\/habitualmente\/wp-content\/uploads\/2023\/07\/retrato-de-infeliz-jovem-mulher-caucasiana-bonita-com-longos-cabelos-escuros-na-camiseta-cinza-casual-roendo-os-dedos-com-expressao-de-medo-scaled.jpg","type":"image\/jpeg"}],"author":"llluna.psi","twitter_card":"summary_large_image","twitter_misc":{"Escrito por":"llluna.psi","Est. tempo de leitura":"4 minutos"},"schema":{"@context":"https:\/\/schema.org","@graph":[{"@type":"Article","@id":"https:\/\/lucianalluna.com\/habitualmente\/o-medo-e-uma-emocao-inerente-a-todos-nos\/#article","isPartOf":{"@id":"https:\/\/lucianalluna.com\/habitualmente\/o-medo-e-uma-emocao-inerente-a-todos-nos\/"},"author":{"name":"llluna.psi","@id":"https:\/\/lucianalluna.com\/habitualmente\/#\/schema\/person\/877ddd38b0ebfa261bc1b8db8ebc3743"},"headline":"O medo \u00e9 uma emo\u00e7\u00e3o inerente a todos n\u00f3s. Identifique-os.","datePublished":"2023-07-30T14:36:25+00:00","dateModified":"2025-10-30T22:53:14+00:00","mainEntityOfPage":{"@id":"https:\/\/lucianalluna.com\/habitualmente\/o-medo-e-uma-emocao-inerente-a-todos-nos\/"},"wordCount":596,"commentCount":0,"publisher":{"@id":"https:\/\/lucianalluna.com\/habitualmente\/#\/schema\/person\/877ddd38b0ebfa261bc1b8db8ebc3743"},"image":{"@id":"https:\/\/lucianalluna.com\/habitualmente\/o-medo-e-uma-emocao-inerente-a-todos-nos\/#primaryimage"},"thumbnailUrl":"https:\/\/lucianalluna.com\/habitualmente\/wp-content\/uploads\/2023\/07\/retrato-de-infeliz-jovem-mulher-caucasiana-bonita-com-longos-cabelos-escuros-na-camiseta-cinza-casual-roendo-os-dedos-com-expressao-de-medo-1024x683.jpg","articleSection":["Blog"],"inLanguage":"pt-BR","potentialAction":[{"@type":"CommentAction","name":"Comment","target":["https:\/\/lucianalluna.com\/habitualmente\/o-medo-e-uma-emocao-inerente-a-todos-nos\/#respond"]}]},{"@type":"WebPage","@id":"https:\/\/lucianalluna.com\/habitualmente\/o-medo-e-uma-emocao-inerente-a-todos-nos\/","url":"https:\/\/lucianalluna.com\/habitualmente\/o-medo-e-uma-emocao-inerente-a-todos-nos\/","name":"O medo \u00e9 uma emo\u00e7\u00e3o inerente a todos n\u00f3s. Identifique-os. -","isPartOf":{"@id":"https:\/\/lucianalluna.com\/habitualmente\/#website"},"primaryImageOfPage":{"@id":"https:\/\/lucianalluna.com\/habitualmente\/o-medo-e-uma-emocao-inerente-a-todos-nos\/#primaryimage"},"image":{"@id":"https:\/\/lucianalluna.com\/habitualmente\/o-medo-e-uma-emocao-inerente-a-todos-nos\/#primaryimage"},"thumbnailUrl":"https:\/\/lucianalluna.com\/habitualmente\/wp-content\/uploads\/2023\/07\/retrato-de-infeliz-jovem-mulher-caucasiana-bonita-com-longos-cabelos-escuros-na-camiseta-cinza-casual-roendo-os-dedos-com-expressao-de-medo-1024x683.jpg","datePublished":"2023-07-30T14:36:25+00:00","dateModified":"2025-10-30T22:53:14+00:00","description":"Vamos mergulhar e desvendar o poder de superar um tema intrigante e, muitas vezes, desafiador: o medo. O medo \u00e9 uma emo\u00e7\u00e3o inerente a todos.","breadcrumb":{"@id":"https:\/\/lucianalluna.com\/habitualmente\/o-medo-e-uma-emocao-inerente-a-todos-nos\/#breadcrumb"},"inLanguage":"pt-BR","potentialAction":[{"@type":"ReadAction","target":["https:\/\/lucianalluna.com\/habitualmente\/o-medo-e-uma-emocao-inerente-a-todos-nos\/"]}]},{"@type":"ImageObject","inLanguage":"pt-BR","@id":"https:\/\/lucianalluna.com\/habitualmente\/o-medo-e-uma-emocao-inerente-a-todos-nos\/#primaryimage","url":"https:\/\/lucianalluna.com\/habitualmente\/wp-content\/uploads\/2023\/07\/retrato-de-infeliz-jovem-mulher-caucasiana-bonita-com-longos-cabelos-escuros-na-camiseta-cinza-casual-roendo-os-dedos-com-expressao-de-medo-scaled.jpg","contentUrl":"https:\/\/lucianalluna.com\/habitualmente\/wp-content\/uploads\/2023\/07\/retrato-de-infeliz-jovem-mulher-caucasiana-bonita-com-longos-cabelos-escuros-na-camiseta-cinza-casual-roendo-os-dedos-com-expressao-de-medo-scaled.jpg","width":2560,"height":1707,"caption":"Portrait of unhappy young good-looking caucasian woman with long dark hair in casual gray t-shirt gnawing fingers, looking in camera with scared expression, worried about someone stolen her smartphone."},{"@type":"BreadcrumbList","@id":"https:\/\/lucianalluna.com\/habitualmente\/o-medo-e-uma-emocao-inerente-a-todos-nos\/#breadcrumb","itemListElement":[{"@type":"ListItem","position":1,"name":"In\u00edcio","item":"https:\/\/lucianalluna.com\/habitualmente\/"},{"@type":"ListItem","position":2,"name":"O medo \u00e9 uma emo\u00e7\u00e3o inerente a todos n\u00f3s. Identifique-os."}]},{"@type":"WebSite","@id":"https:\/\/lucianalluna.com\/habitualmente\/#website","url":"https:\/\/lucianalluna.com\/habitualmente\/","name":"Habitualmente","description":"","publisher":{"@id":"https:\/\/lucianalluna.com\/habitualmente\/#\/schema\/person\/877ddd38b0ebfa261bc1b8db8ebc3743"},"alternateName":"H\u00e1bitos","potentialAction":[{"@type":"SearchAction","target":{"@type":"EntryPoint","urlTemplate":"https:\/\/lucianalluna.com\/habitualmente\/?s={search_term_string}"},"query-input":{"@type":"PropertyValueSpecification","valueRequired":true,"valueName":"search_term_string"}}],"inLanguage":"pt-BR"},{"@type":["Person","Organization"],"@id":"https:\/\/lucianalluna.com\/habitualmente\/#\/schema\/person\/877ddd38b0ebfa261bc1b8db8ebc3743","name":"llluna.psi","image":{"@type":"ImageObject","inLanguage":"pt-BR","@id":"https:\/\/secure.gravatar.com\/avatar\/fd7828cafcc8e0dcb3d8dfe0a761586133106965efaf7b2db45b207d763d2283?s=96&d=mm&r=g","url":"https:\/\/secure.gravatar.com\/avatar\/fd7828cafcc8e0dcb3d8dfe0a761586133106965efaf7b2db45b207d763d2283?s=96&d=mm&r=g","contentUrl":"https:\/\/secure.gravatar.com\/avatar\/fd7828cafcc8e0dcb3d8dfe0a761586133106965efaf7b2db45b207d763d2283?s=96&d=mm&r=g","caption":"llluna.psi"},"logo":{"@id":"https:\/\/secure.gravatar.com\/avatar\/fd7828cafcc8e0dcb3d8dfe0a761586133106965efaf7b2db45b207d763d2283?s=96&d=mm&r=g"},"description":"Sou Luciana L. Luna, Psic\u00f3loga Cl\u00ednica, graduada desde 2011, com atua\u00e7\u00e3o voltada para o atendimento psicol\u00f3gico online. Tenho me dedicado especialmente ao cuidado de pessoas que enfrentam sintomas de ansiedade, oferecendo um espa\u00e7o acolhedor, \u00e9tico e direcionado ao autoconhecimento e desenvolvimento emocional. Minha pr\u00e1tica \u00e9 fundamentada na Terapia Cognitivo-Comportamental (TCC), abordagem reconhecida cientificamente por sua efic\u00e1cia. Atrav\u00e9s dela, ajudo meus pacientes a compreenderem de forma mais clara a rela\u00e7\u00e3o entre pensamentos, emo\u00e7\u00f5es e comportamentos \u2014 promovendo mudan\u00e7as significativas na forma como interpretam e lidam com as situa\u00e7\u00f5es cotidianas. O objetivo \u00e9 que, com suporte t\u00e9cnico e reflex\u00e3o guiada, cada pessoa possa construir caminhos mais conscientes e saud\u00e1veis de enfrentamento, desenvolvendo uma nova forma de se relacionar consigo mesma, com os outros e com o mundo ao seu redor.","sameAs":["https:\/\/lucianalluna.com\/habitualmente","https:\/\/www.instagram.com\/llluna.psi?igsh=MTg1ZDhqdGVyNG1reA=="],"url":"https:\/\/lucianalluna.com\/habitualmente\/author\/llluna-psi\/"}]}},"_links":{"self":[{"href":"https:\/\/lucianalluna.com\/habitualmente\/wp-json\/wp\/v2\/posts\/236","targetHints":{"allow":["GET"]}}],"collection":[{"href":"https:\/\/lucianalluna.com\/habitualmente\/wp-json\/wp\/v2\/posts"}],"about":[{"href":"https:\/\/lucianalluna.com\/habitualmente\/wp-json\/wp\/v2\/types\/post"}],"author":[{"embeddable":true,"href":"https:\/\/lucianalluna.com\/habitualmente\/wp-json\/wp\/v2\/users\/1"}],"replies":[{"embeddable":true,"href":"https:\/\/lucianalluna.com\/habitualmente\/wp-json\/wp\/v2\/comments?post=236"}],"version-history":[{"count":11,"href":"https:\/\/lucianalluna.com\/habitualmente\/wp-json\/wp\/v2\/posts\/236\/revisions"}],"predecessor-version":[{"id":250,"href":"https:\/\/lucianalluna.com\/habitualmente\/wp-json\/wp\/v2\/posts\/236\/revisions\/250"}],"wp:attachment":[{"href":"https:\/\/lucianalluna.com\/habitualmente\/wp-json\/wp\/v2\/media?parent=236"}],"wp:term":[{"taxonomy":"category","embeddable":true,"href":"https:\/\/lucianalluna.com\/habitualmente\/wp-json\/wp\/v2\/categories?post=236"},{"taxonomy":"post_tag","embeddable":true,"href":"https:\/\/lucianalluna.com\/habitualmente\/wp-json\/wp\/v2\/tags?post=236"}],"curies":[{"name":"wp","href":"https:\/\/api.w.org\/{rel}","templated":true}]}}