{"id":252,"date":"2023-09-13T12:31:29","date_gmt":"2023-09-13T15:31:29","guid":{"rendered":"https:\/\/lucianalluna.com\/habitualmente\/?p=252"},"modified":"2025-10-30T19:52:34","modified_gmt":"2025-10-30T22:52:34","slug":"cultivar-a-gratidao-em-direcao-a-felicidade","status":"publish","type":"post","link":"https:\/\/lucianalluna.com\/habitualmente\/cultivar-a-gratidao-em-direcao-a-felicidade\/","title":{"rendered":"Cultivar a Gratid\u00e3o em Dire\u00e7\u00e3o \u00e0 Felicidade"},"content":{"rendered":"\n<h1 class=\"wp-block-heading\"><\/h1>\n\n\n\n<div class=\"wp-block-cover is-light\"><span aria-hidden=\"true\" class=\"wp-block-cover__background has-background-dim\"><\/span><img decoding=\"async\" width=\"1024\" height=\"683\" class=\"wp-block-cover__image-background wp-image-253\" alt=\"\" src=\"https:\/\/lucianalluna.com\/habitualmente\/wp-content\/uploads\/2023\/08\/mulher-jovem-feliz-agradecendo-a-deus-parecendo-aliviada-e-alegre-por-cima-dizendo-oracoes-expressando-gratidao-e-alegria-fazendo-desejo-regozijando-se-em--1024x683.jpg\" data-object-fit=\"cover\" srcset=\"https:\/\/lucianalluna.com\/habitualmente\/wp-content\/uploads\/2023\/08\/mulher-jovem-feliz-agradecendo-a-deus-parecendo-aliviada-e-alegre-por-cima-dizendo-oracoes-expressando-gratidao-e-alegria-fazendo-desejo-regozijando-se-em--1024x683.jpg 1024w, https:\/\/lucianalluna.com\/habitualmente\/wp-content\/uploads\/2023\/08\/mulher-jovem-feliz-agradecendo-a-deus-parecendo-aliviada-e-alegre-por-cima-dizendo-oracoes-expressando-gratidao-e-alegria-fazendo-desejo-regozijando-se-em--300x200.jpg 300w, https:\/\/lucianalluna.com\/habitualmente\/wp-content\/uploads\/2023\/08\/mulher-jovem-feliz-agradecendo-a-deus-parecendo-aliviada-e-alegre-por-cima-dizendo-oracoes-expressando-gratidao-e-alegria-fazendo-desejo-regozijando-se-em--768x512.jpg 768w, https:\/\/lucianalluna.com\/habitualmente\/wp-content\/uploads\/2023\/08\/mulher-jovem-feliz-agradecendo-a-deus-parecendo-aliviada-e-alegre-por-cima-dizendo-oracoes-expressando-gratidao-e-alegria-fazendo-desejo-regozijando-se-em--1536x1024.jpg 1536w, https:\/\/lucianalluna.com\/habitualmente\/wp-content\/uploads\/2023\/08\/mulher-jovem-feliz-agradecendo-a-deus-parecendo-aliviada-e-alegre-por-cima-dizendo-oracoes-expressando-gratidao-e-alegria-fazendo-desejo-regozijando-se-em--2048x1365.jpg 2048w\" sizes=\"(max-width: 1024px) 100vw, 1024px\" \/><div class=\"wp-block-cover__inner-container is-layout-flow wp-block-cover-is-layout-flow\">\n<p><\/p>\n\n\n\n<p><\/p>\n\n\n\n<p><\/p>\n\n\n\n<p><\/p>\n\n\n\n<p><\/p>\n\n\n\n<p><\/p>\n\n\n\n<p><\/p>\n\n\n\n<p><\/p>\n\n\n\n<p><\/p>\n\n\n\n<p><\/p>\n\n\n\n<p class=\"has-text-align-center\"><\/p>\n<\/div><\/div>\n\n\n\n<p>A vida moderna \u00e9 muitas vezes um turbilh\u00e3o de atividades, compromissos e desafios, e \u00e9 f\u00e1cil para o estresse se acumular. Nesse cen\u00e1rio, a pr\u00e1tica regular da gratid\u00e3o emerge como uma ferramenta poderosa para aliviar esse fardo emocional. Desta forma, cultivar a gratid\u00e3o em dire\u00e7\u00e3o \u00e0 felicidade, mesmo diante dos desafios e obst\u00e1culos que encontramos, nos permite enxergar as b\u00ean\u00e7\u00e3os presentes em nossa jornada. Neste artigo, exploraremos o significado da gratid\u00e3o, seus benef\u00edcios para a sa\u00fade mental, al\u00e9m de estrat\u00e9gias pr\u00e1ticas para incorporar a gratid\u00e3o em nossa vida cotidiana. <\/p>\n\n\n\n<p>A gratid\u00e3o \u00e9 um sentimento poderoso que tem o potencial de transformar nossa perspectiva e melhorar nossa qualidade de vida. Bem como, ela pode ser definida como um sentimento de apre\u00e7o e reconhecimento pelas coisas positivas que temos em nossas vidas, nos ajudando a valorizar as pequenas alegrias, experi\u00eancias e conex\u00f5es que muitas vezes passam despercebidas. <\/p>\n\n\n\n<p>Em contrapartida, quando cultivamos a gratid\u00e3o em dire\u00e7\u00e3o a nossa felicidade, estamos nos concentrando no presente e nas coisas que realmente importam, ao inv\u00e9s de nos preocuparmos excessivamente com o que nos falta, ainda mais sabendo-se que a gratid\u00e3o n\u00e3o \u00e9 apenas uma a\u00e7\u00e3o socialmente aceit\u00e1vel ou um clich\u00ea de autoajuda; \u00e9 uma abordagem comprovada pela ci\u00eancia para melhorar o bem-estar emocional. <\/p>\n\n\n\n<p>Deste modo, uma das maneiras pelas quais a gratid\u00e3o exerce seu efeito ben\u00e9fico \u00e9 pela redu\u00e7\u00e3o dos n\u00edveis de estresse, foco positivo, redu\u00e7\u00e3o da ativa\u00e7\u00e3o do sistema nervoso simp\u00e1tico, aumento da libera\u00e7\u00e3o de horm\u00f4nios do bem-estar, fortalecimento da resili\u00eancia emocional, melhoria do sono, etc.<\/p>\n\n\n\n<h2 class=\"wp-block-heading\"><strong>Benef\u00edcios da Pr\u00e1tica da Gratid\u00e3o<\/strong> <strong>em dire\u00e7\u00e3o \u00e0 felicidade<\/strong><\/h2>\n\n\n\n<p>Antes de mais nada, quero enfatizar que o sistema nervoso simp\u00e1tico \u00e9 o grande respons\u00e1vel pela resposta ao estresse, desencadeando a libera\u00e7\u00e3o de horm\u00f4nios do estresse, como o cortisol. Assim como, a rela\u00e7\u00e3o entre gratid\u00e3o e estresse \u00e9 mais do que uma simples intui\u00e7\u00e3o; \u00e9 sustentada por pesquisas cient\u00edficas, onde estudos t\u00eam mostrado que praticar a gratid\u00e3o regularmente est\u00e1 associado a n\u00edveis mais baixos de estresse e <a href=\"https:\/\/lucianalluna.com\/habitualmente\/?p=84\">ansiedade<\/a>. <\/p>\n\n\n\n<p>Essa pr\u00e1tica nos direciona para o lado positivo da vida. Ou seja, em vez de nos concentrarmos apenas no que est\u00e1 errado ou no que pode dar errado, come\u00e7amos a perceber as coisas boas que j\u00e1 est\u00e3o presentes, mudando nosso foco mental e emocional, consequentemente reduzindo a rumina\u00e7\u00e3o sobre o estresse. Sob o mesmo ponto de vista, cultivar a gratid\u00e3o em dire\u00e7\u00e3o \u00e0 felicidade, ajuda a diminuir os sentimentos de negatividade e insatisfa\u00e7\u00e3o, ajuda a reduzir a rumina\u00e7\u00e3o sobre preocupa\u00e7\u00f5es \u00e0 noite, permitindo que tenhamos um sono mais repousante. Ao passo que, todas as vezes que focarmos nas coisas pelas quais somos gratos, podemos diminuir a ativa\u00e7\u00e3o desse sistema, promovendo uma sensa\u00e7\u00e3o de calma. <\/p>\n\n\n\n<h3 class=\"wp-block-heading\"><strong>A Express\u00e3o da Gratid\u00e3o em busca da felicidade: Uma Janela para o Bem-Estar Emocional<\/strong><\/h3>\n\n\n\n<p>A busca pela felicidade e bem-estar emocional \u00e9 uma jornada que todos n\u00f3s compartilhamos. Em nossa busca constante por alegria e contentamento, a gratid\u00e3o se destaca como uma pr\u00e1tica poderosa e acess\u00edvel. Por exemplo, ser grato pelo seu corpo e pelas coisas que ele permite que voc\u00ea fa\u00e7a pode incentivar pr\u00e1ticas de autocuidado. Voc\u00ea tende a cuidar melhor de si mesmo quando valoriza a sa\u00fade e a funcionalidade do seu corpo. Entretanto, uma das raz\u00f5es pelas quais a gratid\u00e3o \u00e9 t\u00e3o eficaz na melhoria do bem-estar emocional \u00e9 a sua capacidade de liberar neurotransmissores, como a dopamina e a serotonina, carinhosamente conhecidos como os &#8220;horm\u00f4nios da felicidade&#8221;. <\/p>\n\n\n\n<p>Do mesmo modo, quando praticamos a gratid\u00e3o, fortalecemos tamb\u00e9m a nossa resili\u00eancia emocional. Isso significa que somos mais capazes de enfrentar situa\u00e7\u00f5es estressantes com uma perspectiva mais positiva e uma atitude mais construtiva. Ela nos lembra que h\u00e1 sempre algo pelo qual podemos ser gratos, mesmo nos momentos mais dif\u00edceis. Assim tamb\u00e9m, expressar gratid\u00e3o fortalece nossos relacionamentos, quando reconhecemos e agradecemos as contribui\u00e7\u00f5es dos outros, eles se sentem valorizados e mais conectados a n\u00f3s. Essa atitude, inspira sentimentos de empatia e compaix\u00e3o, nesse sentido, quando voc\u00ea reconhece o que os outros fizeram por voc\u00ea, \u00e9 mais prov\u00e1vel que queira retribuir e ser gentil.<\/p>\n\n\n\n<h4 class=\"wp-block-heading\"><strong>Incorporando a Gratid\u00e3o no Dia a Dia<\/strong><\/h4>\n\n\n\n<ol class=\"wp-block-list\">\n<li><strong>Di\u00e1rio de Gratid\u00e3o<\/strong>: Reserve alguns minutos todos os dias para escrever tr\u00eas coisas pelas quais voc\u00ea \u00e9 grato. Pode ser algo t\u00e3o simples quanto o nascer do sol pela manh\u00e3 ou um sorriso de um ente querido.<\/li>\n\n\n\n<li><strong>Express\u00e3o Sincera<\/strong>: N\u00e3o hesite em expressar sua gratid\u00e3o \u00e0s pessoas ao seu redor. Um simples &#8220;obrigado&#8221; pode ter um impacto significativo.<\/li>\n\n\n\n<li><strong>Momentos de Reflex\u00e3o<\/strong>: Dedique momentos ao longo do dia para refletir sobre as coisas boas que aconteceram. Essa pr\u00e1tica ajuda a manter a gratid\u00e3o em sua mente.<\/li>\n\n\n\n<li><strong>Encontre o Positivo nas Adversidades<\/strong>: Mesmo em situa\u00e7\u00f5es desafiadoras, tente identificar algo positivo. Pode ser uma li\u00e7\u00e3o aprendida ou uma oportunidade de crescimento.<\/li>\n<\/ol>\n\n\n\n<h5 class=\"wp-block-heading\"><strong>Conclus\u00e3o<\/strong><\/h5>\n\n\n\n<p>Cultivar a gratid\u00e3o em dire\u00e7\u00e3o \u00e0 felicidade, \u00e9 um investimento em nossa sa\u00fade mental e emocional. Ao reconhecer as b\u00ean\u00e7\u00e3os que cercam nossa vida, podemos enfrentar os altos e baixos com mais resili\u00eancia e alegria. A pr\u00e1tica da gratid\u00e3o n\u00e3o exige grandes gestos, mas sim uma mudan\u00e7a de perspectiva que nos permite ver a beleza nas pequenas coisas. Portanto, que possamos embarcar nessa jornada de gratid\u00e3o e colher os muitos benef\u00edcios que ela oferece. Em outras palavras, cultivar a gratid\u00e3o em sua vida di\u00e1ria n\u00e3o apenas aumenta a aprecia\u00e7\u00e3o pelas coisas boas, mas tamb\u00e9m exerce um efeito not\u00e1vel na redu\u00e7\u00e3o do estresse. Ao passo que, da pr\u00f3xima vez que se sentir sobrecarregado, pelas preocupa\u00e7\u00f5es do dia a dia, lembre-se da gratid\u00e3o como uma ferramenta acess\u00edvel para melhorar seu humor e bem-estar emocional. <\/p>\n\n\n\n<p>Em suma, pode ser t\u00e3o simples quanto escrever em um di\u00e1rio de gratid\u00e3o, compartilhar seus sentimentos com algu\u00e9m de confian\u00e7a ou apenas fazer uma pausa para apreciar as pequenas alegrias da vida. A express\u00e3o da gratid\u00e3o n\u00e3o apenas ilumina seu dia, mas tamb\u00e9m alimenta sua jornada em dire\u00e7\u00e3o a uma vida emocionalmente mais rica e saud\u00e1vel. Tire um momento para refletir sobre as b\u00ean\u00e7\u00e3os em sua vida. Contudo, a gratid\u00e3o pode ser uma \u00e2ncora emocional poderosa em meio \u00e0 tempestade do estresse. <\/p>\n","protected":false},"excerpt":{"rendered":"<p>A vida moderna \u00e9 muitas vezes um turbilh\u00e3o de atividades, compromissos e desafios, e \u00e9 f\u00e1cil para o estresse se acumular. Nesse cen\u00e1rio, a pr\u00e1tica regular da gratid\u00e3o emerge como uma ferramenta poderosa para aliviar esse fardo emocional. Desta forma, cultivar a gratid\u00e3o em dire\u00e7\u00e3o \u00e0 felicidade, mesmo diante dos desafios e obst\u00e1culos que encontramos, &#8230; <a title=\"Cultivar a Gratid\u00e3o em Dire\u00e7\u00e3o \u00e0 Felicidade\" class=\"read-more\" href=\"https:\/\/lucianalluna.com\/habitualmente\/cultivar-a-gratidao-em-direcao-a-felicidade\/\" aria-label=\"Read more about Cultivar a Gratid\u00e3o em Dire\u00e7\u00e3o \u00e0 Felicidade\">Ler mais<\/a><\/p>\n","protected":false},"author":1,"featured_media":0,"comment_status":"open","ping_status":"closed","sticky":false,"template":"","format":"standard","meta":{"footnotes":""},"categories":[1],"tags":[],"class_list":["post-252","post","type-post","status-publish","format-standard","hentry","category-blog"],"yoast_head":"<!-- This site is optimized with the Yoast SEO plugin v27.4 - https:\/\/yoast.com\/product\/yoast-seo-wordpress\/ -->\n<title>Cultivar a Gratid\u00e3o em Dire\u00e7\u00e3o \u00e0 Felicidade - Habitualmente<\/title>\n<meta name=\"description\" content=\"Cultivar a gratid\u00e3o em dire\u00e7\u00e3o \u00e0 felicidade, mesmo diante dos desafios e obst\u00e1culos que encontramos em nossa jornada.\" \/>\n<meta name=\"robots\" content=\"index, follow, max-snippet:-1, max-image-preview:large, max-video-preview:-1\" \/>\n<link rel=\"canonical\" href=\"https:\/\/lucianalluna.com\/habitualmente\/cultivar-a-gratidao-em-direcao-a-felicidade\/\" \/>\n<meta property=\"og:locale\" content=\"pt_BR\" \/>\n<meta property=\"og:type\" content=\"article\" \/>\n<meta property=\"og:title\" content=\"Cultivar a Gratid\u00e3o em Dire\u00e7\u00e3o \u00e0 Felicidade - Habitualmente\" \/>\n<meta property=\"og:description\" content=\"Cultivar a gratid\u00e3o em dire\u00e7\u00e3o \u00e0 felicidade, mesmo diante dos desafios e obst\u00e1culos que encontramos em nossa jornada.\" \/>\n<meta property=\"og:url\" content=\"https:\/\/lucianalluna.com\/habitualmente\/cultivar-a-gratidao-em-direcao-a-felicidade\/\" \/>\n<meta property=\"og:site_name\" content=\"Habitualmente\" \/>\n<meta property=\"article:published_time\" content=\"2023-09-13T15:31:29+00:00\" \/>\n<meta property=\"article:modified_time\" content=\"2025-10-30T22:52:34+00:00\" \/>\n<meta property=\"og:image\" content=\"https:\/\/lucianalluna.com\/habitualmente\/wp-content\/uploads\/2023\/08\/mulher-jovem-feliz-agradecendo-a-deus-parecendo-aliviada-e-alegre-por-cima-dizendo-oracoes-expressando-gratidao-e-alegria-fazendo-desejo-regozijando-se-em--scaled.jpg\" \/>\n\t<meta property=\"og:image:width\" content=\"2560\" \/>\n\t<meta property=\"og:image:height\" content=\"1707\" \/>\n\t<meta property=\"og:image:type\" content=\"image\/jpeg\" \/>\n<meta name=\"author\" content=\"llluna.psi\" \/>\n<meta name=\"twitter:card\" content=\"summary_large_image\" \/>\n<meta name=\"twitter:label1\" content=\"Escrito por\" \/>\n\t<meta name=\"twitter:data1\" content=\"llluna.psi\" \/>\n\t<meta name=\"twitter:label2\" content=\"Est. tempo de leitura\" \/>\n\t<meta name=\"twitter:data2\" content=\"6 minutos\" \/>\n<script type=\"application\/ld+json\" class=\"yoast-schema-graph\">{\"@context\":\"https:\\\/\\\/schema.org\",\"@graph\":[{\"@type\":\"Article\",\"@id\":\"https:\\\/\\\/lucianalluna.com\\\/habitualmente\\\/cultivar-a-gratidao-em-direcao-a-felicidade\\\/#article\",\"isPartOf\":{\"@id\":\"https:\\\/\\\/lucianalluna.com\\\/habitualmente\\\/cultivar-a-gratidao-em-direcao-a-felicidade\\\/\"},\"author\":{\"name\":\"llluna.psi\",\"@id\":\"https:\\\/\\\/lucianalluna.com\\\/habitualmente\\\/#\\\/schema\\\/person\\\/877ddd38b0ebfa261bc1b8db8ebc3743\"},\"headline\":\"Cultivar a Gratid\u00e3o em Dire\u00e7\u00e3o \u00e0 Felicidade\",\"datePublished\":\"2023-09-13T15:31:29+00:00\",\"dateModified\":\"2025-10-30T22:52:34+00:00\",\"mainEntityOfPage\":{\"@id\":\"https:\\\/\\\/lucianalluna.com\\\/habitualmente\\\/cultivar-a-gratidao-em-direcao-a-felicidade\\\/\"},\"wordCount\":1123,\"commentCount\":0,\"publisher\":{\"@id\":\"https:\\\/\\\/lucianalluna.com\\\/habitualmente\\\/#\\\/schema\\\/person\\\/877ddd38b0ebfa261bc1b8db8ebc3743\"},\"image\":{\"@id\":\"https:\\\/\\\/lucianalluna.com\\\/habitualmente\\\/cultivar-a-gratidao-em-direcao-a-felicidade\\\/#primaryimage\"},\"thumbnailUrl\":\"https:\\\/\\\/lucianalluna.com\\\/habitualmente\\\/wp-content\\\/uploads\\\/2023\\\/08\\\/mulher-jovem-feliz-agradecendo-a-deus-parecendo-aliviada-e-alegre-por-cima-dizendo-oracoes-expressando-gratidao-e-alegria-fazendo-desejo-regozijando-se-em--1024x683.jpg\",\"articleSection\":[\"Blog\"],\"inLanguage\":\"pt-BR\",\"potentialAction\":[{\"@type\":\"CommentAction\",\"name\":\"Comment\",\"target\":[\"https:\\\/\\\/lucianalluna.com\\\/habitualmente\\\/cultivar-a-gratidao-em-direcao-a-felicidade\\\/#respond\"]}]},{\"@type\":\"WebPage\",\"@id\":\"https:\\\/\\\/lucianalluna.com\\\/habitualmente\\\/cultivar-a-gratidao-em-direcao-a-felicidade\\\/\",\"url\":\"https:\\\/\\\/lucianalluna.com\\\/habitualmente\\\/cultivar-a-gratidao-em-direcao-a-felicidade\\\/\",\"name\":\"Cultivar a Gratid\u00e3o em Dire\u00e7\u00e3o \u00e0 Felicidade - Habitualmente\",\"isPartOf\":{\"@id\":\"https:\\\/\\\/lucianalluna.com\\\/habitualmente\\\/#website\"},\"primaryImageOfPage\":{\"@id\":\"https:\\\/\\\/lucianalluna.com\\\/habitualmente\\\/cultivar-a-gratidao-em-direcao-a-felicidade\\\/#primaryimage\"},\"image\":{\"@id\":\"https:\\\/\\\/lucianalluna.com\\\/habitualmente\\\/cultivar-a-gratidao-em-direcao-a-felicidade\\\/#primaryimage\"},\"thumbnailUrl\":\"https:\\\/\\\/lucianalluna.com\\\/habitualmente\\\/wp-content\\\/uploads\\\/2023\\\/08\\\/mulher-jovem-feliz-agradecendo-a-deus-parecendo-aliviada-e-alegre-por-cima-dizendo-oracoes-expressando-gratidao-e-alegria-fazendo-desejo-regozijando-se-em--1024x683.jpg\",\"datePublished\":\"2023-09-13T15:31:29+00:00\",\"dateModified\":\"2025-10-30T22:52:34+00:00\",\"description\":\"Cultivar a gratid\u00e3o em dire\u00e7\u00e3o \u00e0 felicidade, mesmo diante dos desafios e obst\u00e1culos que encontramos em nossa jornada.\",\"breadcrumb\":{\"@id\":\"https:\\\/\\\/lucianalluna.com\\\/habitualmente\\\/cultivar-a-gratidao-em-direcao-a-felicidade\\\/#breadcrumb\"},\"inLanguage\":\"pt-BR\",\"potentialAction\":[{\"@type\":\"ReadAction\",\"target\":[\"https:\\\/\\\/lucianalluna.com\\\/habitualmente\\\/cultivar-a-gratidao-em-direcao-a-felicidade\\\/\"]}]},{\"@type\":\"ImageObject\",\"inLanguage\":\"pt-BR\",\"@id\":\"https:\\\/\\\/lucianalluna.com\\\/habitualmente\\\/cultivar-a-gratidao-em-direcao-a-felicidade\\\/#primaryimage\",\"url\":\"https:\\\/\\\/lucianalluna.com\\\/habitualmente\\\/wp-content\\\/uploads\\\/2023\\\/08\\\/mulher-jovem-feliz-agradecendo-a-deus-parecendo-aliviada-e-alegre-por-cima-dizendo-oracoes-expressando-gratidao-e-alegria-fazendo-desejo-regozijando-se-em--scaled.jpg\",\"contentUrl\":\"https:\\\/\\\/lucianalluna.com\\\/habitualmente\\\/wp-content\\\/uploads\\\/2023\\\/08\\\/mulher-jovem-feliz-agradecendo-a-deus-parecendo-aliviada-e-alegre-por-cima-dizendo-oracoes-expressando-gratidao-e-alegria-fazendo-desejo-regozijando-se-em--scaled.jpg\",\"width\":2560,\"height\":1707,\"caption\":\"Happy young woman thanking god, looking relieved and joyful on top, saying prayer, express gratitude and delight, making wish, rejoicing while standing against white background.\"},{\"@type\":\"BreadcrumbList\",\"@id\":\"https:\\\/\\\/lucianalluna.com\\\/habitualmente\\\/cultivar-a-gratidao-em-direcao-a-felicidade\\\/#breadcrumb\",\"itemListElement\":[{\"@type\":\"ListItem\",\"position\":1,\"name\":\"In\u00edcio\",\"item\":\"https:\\\/\\\/lucianalluna.com\\\/habitualmente\\\/\"},{\"@type\":\"ListItem\",\"position\":2,\"name\":\"Cultivar a Gratid\u00e3o em Dire\u00e7\u00e3o \u00e0 Felicidade\"}]},{\"@type\":\"WebSite\",\"@id\":\"https:\\\/\\\/lucianalluna.com\\\/habitualmente\\\/#website\",\"url\":\"https:\\\/\\\/lucianalluna.com\\\/habitualmente\\\/\",\"name\":\"Habitualmente\",\"description\":\"\",\"publisher\":{\"@id\":\"https:\\\/\\\/lucianalluna.com\\\/habitualmente\\\/#\\\/schema\\\/person\\\/877ddd38b0ebfa261bc1b8db8ebc3743\"},\"alternateName\":\"H\u00e1bitos\",\"potentialAction\":[{\"@type\":\"SearchAction\",\"target\":{\"@type\":\"EntryPoint\",\"urlTemplate\":\"https:\\\/\\\/lucianalluna.com\\\/habitualmente\\\/?s={search_term_string}\"},\"query-input\":{\"@type\":\"PropertyValueSpecification\",\"valueRequired\":true,\"valueName\":\"search_term_string\"}}],\"inLanguage\":\"pt-BR\"},{\"@type\":[\"Person\",\"Organization\"],\"@id\":\"https:\\\/\\\/lucianalluna.com\\\/habitualmente\\\/#\\\/schema\\\/person\\\/877ddd38b0ebfa261bc1b8db8ebc3743\",\"name\":\"llluna.psi\",\"image\":{\"@type\":\"ImageObject\",\"inLanguage\":\"pt-BR\",\"@id\":\"https:\\\/\\\/secure.gravatar.com\\\/avatar\\\/fd7828cafcc8e0dcb3d8dfe0a761586133106965efaf7b2db45b207d763d2283?s=96&d=mm&r=g\",\"url\":\"https:\\\/\\\/secure.gravatar.com\\\/avatar\\\/fd7828cafcc8e0dcb3d8dfe0a761586133106965efaf7b2db45b207d763d2283?s=96&d=mm&r=g\",\"contentUrl\":\"https:\\\/\\\/secure.gravatar.com\\\/avatar\\\/fd7828cafcc8e0dcb3d8dfe0a761586133106965efaf7b2db45b207d763d2283?s=96&d=mm&r=g\",\"caption\":\"llluna.psi\"},\"logo\":{\"@id\":\"https:\\\/\\\/secure.gravatar.com\\\/avatar\\\/fd7828cafcc8e0dcb3d8dfe0a761586133106965efaf7b2db45b207d763d2283?s=96&d=mm&r=g\"},\"description\":\"Sou Luciana L. Luna, Psic\u00f3loga Cl\u00ednica, graduada desde 2011, com atua\u00e7\u00e3o voltada para o atendimento psicol\u00f3gico online. Tenho me dedicado especialmente ao cuidado de pessoas que enfrentam sintomas de ansiedade, oferecendo um espa\u00e7o acolhedor, \u00e9tico e direcionado ao autoconhecimento e desenvolvimento emocional. Minha pr\u00e1tica \u00e9 fundamentada na Terapia Cognitivo-Comportamental (TCC), abordagem reconhecida cientificamente por sua efic\u00e1cia. Atrav\u00e9s dela, ajudo meus pacientes a compreenderem de forma mais clara a rela\u00e7\u00e3o entre pensamentos, emo\u00e7\u00f5es e comportamentos \u2014 promovendo mudan\u00e7as significativas na forma como interpretam e lidam com as situa\u00e7\u00f5es cotidianas. O objetivo \u00e9 que, com suporte t\u00e9cnico e reflex\u00e3o guiada, cada pessoa possa construir caminhos mais conscientes e saud\u00e1veis de enfrentamento, desenvolvendo uma nova forma de se relacionar consigo mesma, com os outros e com o mundo ao seu redor.\",\"sameAs\":[\"https:\\\/\\\/lucianalluna.com\\\/habitualmente\",\"https:\\\/\\\/www.instagram.com\\\/llluna.psi?igsh=MTg1ZDhqdGVyNG1reA==\"],\"url\":\"https:\\\/\\\/lucianalluna.com\\\/habitualmente\\\/author\\\/llluna-psi\\\/\"}]}<\/script>\n<!-- \/ Yoast SEO plugin. -->","yoast_head_json":{"title":"Cultivar a Gratid\u00e3o em Dire\u00e7\u00e3o \u00e0 Felicidade - Habitualmente","description":"Cultivar a gratid\u00e3o em dire\u00e7\u00e3o \u00e0 felicidade, mesmo diante dos desafios e obst\u00e1culos que encontramos em nossa jornada.","robots":{"index":"index","follow":"follow","max-snippet":"max-snippet:-1","max-image-preview":"max-image-preview:large","max-video-preview":"max-video-preview:-1"},"canonical":"https:\/\/lucianalluna.com\/habitualmente\/cultivar-a-gratidao-em-direcao-a-felicidade\/","og_locale":"pt_BR","og_type":"article","og_title":"Cultivar a Gratid\u00e3o em Dire\u00e7\u00e3o \u00e0 Felicidade - Habitualmente","og_description":"Cultivar a gratid\u00e3o em dire\u00e7\u00e3o \u00e0 felicidade, mesmo diante dos desafios e obst\u00e1culos que encontramos em nossa jornada.","og_url":"https:\/\/lucianalluna.com\/habitualmente\/cultivar-a-gratidao-em-direcao-a-felicidade\/","og_site_name":"Habitualmente","article_published_time":"2023-09-13T15:31:29+00:00","article_modified_time":"2025-10-30T22:52:34+00:00","og_image":[{"width":2560,"height":1707,"url":"https:\/\/lucianalluna.com\/habitualmente\/wp-content\/uploads\/2023\/08\/mulher-jovem-feliz-agradecendo-a-deus-parecendo-aliviada-e-alegre-por-cima-dizendo-oracoes-expressando-gratidao-e-alegria-fazendo-desejo-regozijando-se-em--scaled.jpg","type":"image\/jpeg"}],"author":"llluna.psi","twitter_card":"summary_large_image","twitter_misc":{"Escrito por":"llluna.psi","Est. tempo de leitura":"6 minutos"},"schema":{"@context":"https:\/\/schema.org","@graph":[{"@type":"Article","@id":"https:\/\/lucianalluna.com\/habitualmente\/cultivar-a-gratidao-em-direcao-a-felicidade\/#article","isPartOf":{"@id":"https:\/\/lucianalluna.com\/habitualmente\/cultivar-a-gratidao-em-direcao-a-felicidade\/"},"author":{"name":"llluna.psi","@id":"https:\/\/lucianalluna.com\/habitualmente\/#\/schema\/person\/877ddd38b0ebfa261bc1b8db8ebc3743"},"headline":"Cultivar a Gratid\u00e3o em Dire\u00e7\u00e3o \u00e0 Felicidade","datePublished":"2023-09-13T15:31:29+00:00","dateModified":"2025-10-30T22:52:34+00:00","mainEntityOfPage":{"@id":"https:\/\/lucianalluna.com\/habitualmente\/cultivar-a-gratidao-em-direcao-a-felicidade\/"},"wordCount":1123,"commentCount":0,"publisher":{"@id":"https:\/\/lucianalluna.com\/habitualmente\/#\/schema\/person\/877ddd38b0ebfa261bc1b8db8ebc3743"},"image":{"@id":"https:\/\/lucianalluna.com\/habitualmente\/cultivar-a-gratidao-em-direcao-a-felicidade\/#primaryimage"},"thumbnailUrl":"https:\/\/lucianalluna.com\/habitualmente\/wp-content\/uploads\/2023\/08\/mulher-jovem-feliz-agradecendo-a-deus-parecendo-aliviada-e-alegre-por-cima-dizendo-oracoes-expressando-gratidao-e-alegria-fazendo-desejo-regozijando-se-em--1024x683.jpg","articleSection":["Blog"],"inLanguage":"pt-BR","potentialAction":[{"@type":"CommentAction","name":"Comment","target":["https:\/\/lucianalluna.com\/habitualmente\/cultivar-a-gratidao-em-direcao-a-felicidade\/#respond"]}]},{"@type":"WebPage","@id":"https:\/\/lucianalluna.com\/habitualmente\/cultivar-a-gratidao-em-direcao-a-felicidade\/","url":"https:\/\/lucianalluna.com\/habitualmente\/cultivar-a-gratidao-em-direcao-a-felicidade\/","name":"Cultivar a Gratid\u00e3o em Dire\u00e7\u00e3o \u00e0 Felicidade - Habitualmente","isPartOf":{"@id":"https:\/\/lucianalluna.com\/habitualmente\/#website"},"primaryImageOfPage":{"@id":"https:\/\/lucianalluna.com\/habitualmente\/cultivar-a-gratidao-em-direcao-a-felicidade\/#primaryimage"},"image":{"@id":"https:\/\/lucianalluna.com\/habitualmente\/cultivar-a-gratidao-em-direcao-a-felicidade\/#primaryimage"},"thumbnailUrl":"https:\/\/lucianalluna.com\/habitualmente\/wp-content\/uploads\/2023\/08\/mulher-jovem-feliz-agradecendo-a-deus-parecendo-aliviada-e-alegre-por-cima-dizendo-oracoes-expressando-gratidao-e-alegria-fazendo-desejo-regozijando-se-em--1024x683.jpg","datePublished":"2023-09-13T15:31:29+00:00","dateModified":"2025-10-30T22:52:34+00:00","description":"Cultivar a gratid\u00e3o em dire\u00e7\u00e3o \u00e0 felicidade, mesmo diante dos desafios e obst\u00e1culos que encontramos em nossa jornada.","breadcrumb":{"@id":"https:\/\/lucianalluna.com\/habitualmente\/cultivar-a-gratidao-em-direcao-a-felicidade\/#breadcrumb"},"inLanguage":"pt-BR","potentialAction":[{"@type":"ReadAction","target":["https:\/\/lucianalluna.com\/habitualmente\/cultivar-a-gratidao-em-direcao-a-felicidade\/"]}]},{"@type":"ImageObject","inLanguage":"pt-BR","@id":"https:\/\/lucianalluna.com\/habitualmente\/cultivar-a-gratidao-em-direcao-a-felicidade\/#primaryimage","url":"https:\/\/lucianalluna.com\/habitualmente\/wp-content\/uploads\/2023\/08\/mulher-jovem-feliz-agradecendo-a-deus-parecendo-aliviada-e-alegre-por-cima-dizendo-oracoes-expressando-gratidao-e-alegria-fazendo-desejo-regozijando-se-em--scaled.jpg","contentUrl":"https:\/\/lucianalluna.com\/habitualmente\/wp-content\/uploads\/2023\/08\/mulher-jovem-feliz-agradecendo-a-deus-parecendo-aliviada-e-alegre-por-cima-dizendo-oracoes-expressando-gratidao-e-alegria-fazendo-desejo-regozijando-se-em--scaled.jpg","width":2560,"height":1707,"caption":"Happy young woman thanking god, looking relieved and joyful on top, saying prayer, express gratitude and delight, making wish, rejoicing while standing against white background."},{"@type":"BreadcrumbList","@id":"https:\/\/lucianalluna.com\/habitualmente\/cultivar-a-gratidao-em-direcao-a-felicidade\/#breadcrumb","itemListElement":[{"@type":"ListItem","position":1,"name":"In\u00edcio","item":"https:\/\/lucianalluna.com\/habitualmente\/"},{"@type":"ListItem","position":2,"name":"Cultivar a Gratid\u00e3o em Dire\u00e7\u00e3o \u00e0 Felicidade"}]},{"@type":"WebSite","@id":"https:\/\/lucianalluna.com\/habitualmente\/#website","url":"https:\/\/lucianalluna.com\/habitualmente\/","name":"Habitualmente","description":"","publisher":{"@id":"https:\/\/lucianalluna.com\/habitualmente\/#\/schema\/person\/877ddd38b0ebfa261bc1b8db8ebc3743"},"alternateName":"H\u00e1bitos","potentialAction":[{"@type":"SearchAction","target":{"@type":"EntryPoint","urlTemplate":"https:\/\/lucianalluna.com\/habitualmente\/?s={search_term_string}"},"query-input":{"@type":"PropertyValueSpecification","valueRequired":true,"valueName":"search_term_string"}}],"inLanguage":"pt-BR"},{"@type":["Person","Organization"],"@id":"https:\/\/lucianalluna.com\/habitualmente\/#\/schema\/person\/877ddd38b0ebfa261bc1b8db8ebc3743","name":"llluna.psi","image":{"@type":"ImageObject","inLanguage":"pt-BR","@id":"https:\/\/secure.gravatar.com\/avatar\/fd7828cafcc8e0dcb3d8dfe0a761586133106965efaf7b2db45b207d763d2283?s=96&d=mm&r=g","url":"https:\/\/secure.gravatar.com\/avatar\/fd7828cafcc8e0dcb3d8dfe0a761586133106965efaf7b2db45b207d763d2283?s=96&d=mm&r=g","contentUrl":"https:\/\/secure.gravatar.com\/avatar\/fd7828cafcc8e0dcb3d8dfe0a761586133106965efaf7b2db45b207d763d2283?s=96&d=mm&r=g","caption":"llluna.psi"},"logo":{"@id":"https:\/\/secure.gravatar.com\/avatar\/fd7828cafcc8e0dcb3d8dfe0a761586133106965efaf7b2db45b207d763d2283?s=96&d=mm&r=g"},"description":"Sou Luciana L. Luna, Psic\u00f3loga Cl\u00ednica, graduada desde 2011, com atua\u00e7\u00e3o voltada para o atendimento psicol\u00f3gico online. Tenho me dedicado especialmente ao cuidado de pessoas que enfrentam sintomas de ansiedade, oferecendo um espa\u00e7o acolhedor, \u00e9tico e direcionado ao autoconhecimento e desenvolvimento emocional. Minha pr\u00e1tica \u00e9 fundamentada na Terapia Cognitivo-Comportamental (TCC), abordagem reconhecida cientificamente por sua efic\u00e1cia. Atrav\u00e9s dela, ajudo meus pacientes a compreenderem de forma mais clara a rela\u00e7\u00e3o entre pensamentos, emo\u00e7\u00f5es e comportamentos \u2014 promovendo mudan\u00e7as significativas na forma como interpretam e lidam com as situa\u00e7\u00f5es cotidianas. O objetivo \u00e9 que, com suporte t\u00e9cnico e reflex\u00e3o guiada, cada pessoa possa construir caminhos mais conscientes e saud\u00e1veis de enfrentamento, desenvolvendo uma nova forma de se relacionar consigo mesma, com os outros e com o mundo ao seu redor.","sameAs":["https:\/\/lucianalluna.com\/habitualmente","https:\/\/www.instagram.com\/llluna.psi?igsh=MTg1ZDhqdGVyNG1reA=="],"url":"https:\/\/lucianalluna.com\/habitualmente\/author\/llluna-psi\/"}]}},"_links":{"self":[{"href":"https:\/\/lucianalluna.com\/habitualmente\/wp-json\/wp\/v2\/posts\/252","targetHints":{"allow":["GET"]}}],"collection":[{"href":"https:\/\/lucianalluna.com\/habitualmente\/wp-json\/wp\/v2\/posts"}],"about":[{"href":"https:\/\/lucianalluna.com\/habitualmente\/wp-json\/wp\/v2\/types\/post"}],"author":[{"embeddable":true,"href":"https:\/\/lucianalluna.com\/habitualmente\/wp-json\/wp\/v2\/users\/1"}],"replies":[{"embeddable":true,"href":"https:\/\/lucianalluna.com\/habitualmente\/wp-json\/wp\/v2\/comments?post=252"}],"version-history":[{"count":5,"href":"https:\/\/lucianalluna.com\/habitualmente\/wp-json\/wp\/v2\/posts\/252\/revisions"}],"predecessor-version":[{"id":328,"href":"https:\/\/lucianalluna.com\/habitualmente\/wp-json\/wp\/v2\/posts\/252\/revisions\/328"}],"wp:attachment":[{"href":"https:\/\/lucianalluna.com\/habitualmente\/wp-json\/wp\/v2\/media?parent=252"}],"wp:term":[{"taxonomy":"category","embeddable":true,"href":"https:\/\/lucianalluna.com\/habitualmente\/wp-json\/wp\/v2\/categories?post=252"},{"taxonomy":"post_tag","embeddable":true,"href":"https:\/\/lucianalluna.com\/habitualmente\/wp-json\/wp\/v2\/tags?post=252"}],"curies":[{"name":"wp","href":"https:\/\/api.w.org\/{rel}","templated":true}]}}