{"id":288,"date":"2025-07-01T09:00:33","date_gmt":"2025-07-01T12:00:33","guid":{"rendered":"https:\/\/lucianalluna.com\/habitualmente\/?p=288"},"modified":"2025-07-01T15:00:23","modified_gmt":"2025-07-01T18:00:23","slug":"%f0%9f%92%a4-sono-e-saude-mental-uma-conexao-essencial-para-o-bem-estar-emocional-%f0%9f%a7%a0","status":"publish","type":"post","link":"https:\/\/lucianalluna.com\/habitualmente\/%f0%9f%92%a4-sono-e-saude-mental-uma-conexao-essencial-para-o-bem-estar-emocional-%f0%9f%a7%a0\/","title":{"rendered":"\ud83d\udca4 Sono e Sa\u00fade Mental: uma conex\u00e3o essencial para o bem-estar emocional \ud83e\udde0"},"content":{"rendered":"\n<p><\/p>\n\n\n\n<hr class=\"wp-block-separator has-alpha-channel-opacity\"\/>\n\n\n\n<p><strong>Voc\u00ea sabia que a qualidade do sono influencia diretamente a sua sa\u00fade mental?<\/strong><\/p>\n\n\n\n<p>Dormir bem n\u00e3o \u00e9 apenas uma necessidade biol\u00f3gica, \u00e9 um dos pilares para manter o equil\u00edbrio emocional, a clareza dos pensamentos e a regula\u00e7\u00e3o do humor.<\/p>\n\n\n\n<h3 class=\"wp-block-heading\">O que acontece com a mente quando n\u00e3o dormimos bem?<\/h3>\n\n\n\n<figure class=\"wp-block-image size-large\"><img decoding=\"async\" width=\"1024\" height=\"683\" src=\"https:\/\/lucianalluna.com\/habitualmente\/wp-content\/uploads\/2025\/06\/chatgpt-image-20-de-jun5052681201928438132-1024x683.jpg\" alt=\"\" class=\"wp-image-290\" srcset=\"https:\/\/lucianalluna.com\/habitualmente\/wp-content\/uploads\/2025\/06\/chatgpt-image-20-de-jun5052681201928438132-1024x683.jpg 1024w, https:\/\/lucianalluna.com\/habitualmente\/wp-content\/uploads\/2025\/06\/chatgpt-image-20-de-jun5052681201928438132-300x200.jpg 300w, https:\/\/lucianalluna.com\/habitualmente\/wp-content\/uploads\/2025\/06\/chatgpt-image-20-de-jun5052681201928438132-768x512.jpg 768w, https:\/\/lucianalluna.com\/habitualmente\/wp-content\/uploads\/2025\/06\/chatgpt-image-20-de-jun5052681201928438132.jpg 1536w\" sizes=\"(max-width: 1024px) 100vw, 1024px\" \/><\/figure>\n\n\n\n<p>A priva\u00e7\u00e3o ou baixa qualidade do sono pode:<\/p>\n\n\n\n<ul class=\"wp-block-list\">\n<li>Aumentar os n\u00edveis de <strong>ansiedade e irritabilidade<\/strong>;<\/li>\n\n\n\n<li>Reduzir a <strong>capacidade de concentra\u00e7\u00e3o<\/strong> e tomada de decis\u00f5es;<\/li>\n\n\n\n<li>Potencializar sintomas de <strong>depress\u00e3o<\/strong> e outras condi\u00e7\u00f5es emocionais;<\/li>\n\n\n\n<li>Interferir na regula\u00e7\u00e3o emocional, levando a rea\u00e7\u00f5es mais intensas ou desproporcionais.<\/li>\n<\/ul>\n\n\n\n<h3 class=\"wp-block-heading\">Sono e terapia: um ciclo que se fortalece<\/h3>\n\n\n\n<p>Na pr\u00e1tica cl\u00ednica, percebemos que melhorar a qualidade do sono \u00e9 um dos primeiros passos para ampliar os efeitos positivos da psicoterapia. Pacientes que dormem melhor tendem a responder de forma mais consistente aos processos terap\u00eauticos, porque conseguem refletir com mais clareza, lidar melhor com os desafios emocionais e praticar as estrat\u00e9gias aprendidas em sess\u00e3o.<\/p>\n\n\n\n<h3 class=\"wp-block-heading\">Dicas para um sono mais saud\u00e1vel:<\/h3>\n\n\n\n<figure class=\"wp-block-gallery has-nested-images columns-default is-cropped wp-block-gallery-1 is-layout-flex wp-block-gallery-is-layout-flex\">\n<figure class=\"wp-block-image size-large\"><img decoding=\"async\" width=\"1024\" height=\"683\" data-id=\"297\" src=\"https:\/\/lucianalluna.com\/habitualmente\/wp-content\/uploads\/2025\/07\/ChatGPT-Image-1-de-jul.-de-2025-14_57_10-1-1024x683.png\" alt=\"\" class=\"wp-image-297\" style=\"aspect-ratio:1\" srcset=\"https:\/\/lucianalluna.com\/habitualmente\/wp-content\/uploads\/2025\/07\/ChatGPT-Image-1-de-jul.-de-2025-14_57_10-1-1024x683.png 1024w, https:\/\/lucianalluna.com\/habitualmente\/wp-content\/uploads\/2025\/07\/ChatGPT-Image-1-de-jul.-de-2025-14_57_10-1-300x200.png 300w, https:\/\/lucianalluna.com\/habitualmente\/wp-content\/uploads\/2025\/07\/ChatGPT-Image-1-de-jul.-de-2025-14_57_10-1-768x512.png 768w, https:\/\/lucianalluna.com\/habitualmente\/wp-content\/uploads\/2025\/07\/ChatGPT-Image-1-de-jul.-de-2025-14_57_10-1.png 1536w\" sizes=\"(max-width: 1024px) 100vw, 1024px\" \/><\/figure>\n<\/figure>\n\n\n\n<ul class=\"wp-block-list\">\n<li>Estabele\u00e7a um hor\u00e1rio regular para dormir e acordar, mesmo aos fins de semana.<\/li>\n\n\n\n<li>Evite o uso de telas (celular, TV, computador) ao menos 1 hora antes de deitar.<\/li>\n\n\n\n<li>Crie um ambiente confort\u00e1vel, escuro e silencioso para dormir.<\/li>\n\n\n\n<li>Evite cafe\u00edna e refei\u00e7\u00f5es pesadas pr\u00f3ximo ao hor\u00e1rio de dormir.<\/li>\n\n\n\n<li>Considere pr\u00e1ticas relaxantes antes de deitar, como medita\u00e7\u00e3o, leitura leve ou respira\u00e7\u00e3o profunda.<\/li>\n<\/ul>\n\n\n\n<hr class=\"wp-block-separator has-alpha-channel-opacity\"\/>\n\n\n\n<p>Se voc\u00ea sente que seu sono tem sido prejudicado por preocupa\u00e7\u00f5es constantes, ansiedade ou outros sintomas emocionais, isso pode ser um sinal importante. O acompanhamento psicol\u00f3gico pode ajudar a entender o que est\u00e1 por tr\u00e1s das dificuldades e a desenvolver estrat\u00e9gias eficazes para restaurar o equil\u00edbrio entre corpo e mente.<\/p>\n\n\n\n<p>\ud83d\udccd <a href=\"https:\/\/wa.me\/message\/6DPUDS6CK5XMH1\">Agende sua consulta e comece a cuidar da sua sa\u00fade mental de forma integral.<\/a><\/p>\n\n\n\n<hr class=\"wp-block-separator has-alpha-channel-opacity\"\/>\n\n\n\n<h3 class=\"wp-block-heading\"><\/h3>\n","protected":false},"excerpt":{"rendered":"<p>Voc\u00ea sabia que a qualidade do sono influencia diretamente a sua sa\u00fade mental? Dormir bem n\u00e3o \u00e9 apenas uma necessidade biol\u00f3gica, \u00e9 um dos pilares para manter o equil\u00edbrio emocional, a clareza dos pensamentos e a regula\u00e7\u00e3o do humor. O que acontece com a mente quando n\u00e3o dormimos bem? A priva\u00e7\u00e3o ou baixa qualidade do &#8230; <a title=\"\ud83d\udca4 Sono e Sa\u00fade Mental: uma conex\u00e3o essencial para o bem-estar emocional \ud83e\udde0\" class=\"read-more\" href=\"https:\/\/lucianalluna.com\/habitualmente\/%f0%9f%92%a4-sono-e-saude-mental-uma-conexao-essencial-para-o-bem-estar-emocional-%f0%9f%a7%a0\/\" aria-label=\"Read more about \ud83d\udca4 Sono e Sa\u00fade Mental: uma conex\u00e3o essencial para o bem-estar emocional \ud83e\udde0\">Ler mais<\/a><\/p>\n","protected":false},"author":1,"featured_media":0,"comment_status":"open","ping_status":"open","sticky":false,"template":"","format":"standard","meta":{"footnotes":""},"categories":[1],"tags":[17,24,18,20,21],"class_list":["post-288","post","type-post","status-publish","format-standard","hentry","category-blog","tag-ansiedade","tag-gratidao","tag-pensamentos","tag-respiracao","tag-tecnicas"],"yoast_head":"<!-- This site is optimized with the Yoast SEO plugin v27.4 - https:\/\/yoast.com\/product\/yoast-seo-wordpress\/ -->\n<title>\ud83d\udca4 Sono e Sa\u00fade Mental: uma conex\u00e3o essencial para o bem-estar emocional \ud83e\udde0 - Habitualmente<\/title>\n<meta name=\"robots\" content=\"index, follow, max-snippet:-1, max-image-preview:large, max-video-preview:-1\" \/>\n<link rel=\"canonical\" href=\"https:\/\/lucianalluna.com\/habitualmente\/\ud83d\udca4-sono-e-saude-mental-uma-conexao-essencial-para-o-bem-estar-emocional-\ud83e\udde0\/\" \/>\n<meta property=\"og:locale\" content=\"pt_BR\" \/>\n<meta property=\"og:type\" content=\"article\" \/>\n<meta property=\"og:title\" content=\"\ud83d\udca4 Sono e Sa\u00fade Mental: uma conex\u00e3o essencial para o bem-estar emocional \ud83e\udde0 - Habitualmente\" \/>\n<meta property=\"og:description\" content=\"Voc\u00ea sabia que a qualidade do sono influencia diretamente a sua sa\u00fade mental? Dormir bem n\u00e3o \u00e9 apenas uma necessidade biol\u00f3gica, \u00e9 um dos pilares para manter o equil\u00edbrio emocional, a clareza dos pensamentos e a regula\u00e7\u00e3o do humor. O que acontece com a mente quando n\u00e3o dormimos bem? A priva\u00e7\u00e3o ou baixa qualidade do ... Ler mais\" \/>\n<meta property=\"og:url\" content=\"https:\/\/lucianalluna.com\/habitualmente\/\ud83d\udca4-sono-e-saude-mental-uma-conexao-essencial-para-o-bem-estar-emocional-\ud83e\udde0\/\" \/>\n<meta property=\"og:site_name\" content=\"Habitualmente\" \/>\n<meta property=\"article:published_time\" content=\"2025-07-01T12:00:33+00:00\" \/>\n<meta property=\"article:modified_time\" content=\"2025-07-01T18:00:23+00:00\" \/>\n<meta property=\"og:image\" content=\"https:\/\/lucianalluna.com\/habitualmente\/wp-content\/uploads\/2025\/06\/chatgpt-image-20-de-jun5052681201928438132-1024x683.jpg\" \/>\n<meta name=\"author\" content=\"llluna.psi\" \/>\n<meta name=\"twitter:card\" content=\"summary_large_image\" \/>\n<meta name=\"twitter:label1\" content=\"Escrito por\" \/>\n\t<meta name=\"twitter:data1\" content=\"llluna.psi\" \/>\n\t<meta name=\"twitter:label2\" content=\"Est. tempo de leitura\" \/>\n\t<meta name=\"twitter:data2\" content=\"2 minutos\" \/>\n<script type=\"application\/ld+json\" class=\"yoast-schema-graph\">{\"@context\":\"https:\\\/\\\/schema.org\",\"@graph\":[{\"@type\":\"Article\",\"@id\":\"https:\\\/\\\/lucianalluna.com\\\/habitualmente\\\/%f0%9f%92%a4-sono-e-saude-mental-uma-conexao-essencial-para-o-bem-estar-emocional-%f0%9f%a7%a0\\\/#article\",\"isPartOf\":{\"@id\":\"https:\\\/\\\/lucianalluna.com\\\/habitualmente\\\/%f0%9f%92%a4-sono-e-saude-mental-uma-conexao-essencial-para-o-bem-estar-emocional-%f0%9f%a7%a0\\\/\"},\"author\":{\"name\":\"llluna.psi\",\"@id\":\"https:\\\/\\\/lucianalluna.com\\\/habitualmente\\\/#\\\/schema\\\/person\\\/877ddd38b0ebfa261bc1b8db8ebc3743\"},\"headline\":\"\ud83d\udca4 Sono e Sa\u00fade Mental: uma conex\u00e3o essencial para o bem-estar emocional \ud83e\udde0\",\"datePublished\":\"2025-07-01T12:00:33+00:00\",\"dateModified\":\"2025-07-01T18:00:23+00:00\",\"mainEntityOfPage\":{\"@id\":\"https:\\\/\\\/lucianalluna.com\\\/habitualmente\\\/%f0%9f%92%a4-sono-e-saude-mental-uma-conexao-essencial-para-o-bem-estar-emocional-%f0%9f%a7%a0\\\/\"},\"wordCount\":330,\"commentCount\":0,\"publisher\":{\"@id\":\"https:\\\/\\\/lucianalluna.com\\\/habitualmente\\\/#\\\/schema\\\/person\\\/877ddd38b0ebfa261bc1b8db8ebc3743\"},\"image\":{\"@id\":\"https:\\\/\\\/lucianalluna.com\\\/habitualmente\\\/%f0%9f%92%a4-sono-e-saude-mental-uma-conexao-essencial-para-o-bem-estar-emocional-%f0%9f%a7%a0\\\/#primaryimage\"},\"thumbnailUrl\":\"https:\\\/\\\/lucianalluna.com\\\/habitualmente\\\/wp-content\\\/uploads\\\/2025\\\/06\\\/chatgpt-image-20-de-jun5052681201928438132-1024x683.jpg\",\"keywords\":[\"ansiedade\",\"gratid\u00e3o\",\"pensamentos\",\"respira\u00e7\u00e3o\",\"t\u00e9cnicas\"],\"articleSection\":[\"Blog\"],\"inLanguage\":\"pt-BR\",\"potentialAction\":[{\"@type\":\"CommentAction\",\"name\":\"Comment\",\"target\":[\"https:\\\/\\\/lucianalluna.com\\\/habitualmente\\\/%f0%9f%92%a4-sono-e-saude-mental-uma-conexao-essencial-para-o-bem-estar-emocional-%f0%9f%a7%a0\\\/#respond\"]}]},{\"@type\":\"WebPage\",\"@id\":\"https:\\\/\\\/lucianalluna.com\\\/habitualmente\\\/%f0%9f%92%a4-sono-e-saude-mental-uma-conexao-essencial-para-o-bem-estar-emocional-%f0%9f%a7%a0\\\/\",\"url\":\"https:\\\/\\\/lucianalluna.com\\\/habitualmente\\\/%f0%9f%92%a4-sono-e-saude-mental-uma-conexao-essencial-para-o-bem-estar-emocional-%f0%9f%a7%a0\\\/\",\"name\":\"\ud83d\udca4 Sono e Sa\u00fade Mental: uma conex\u00e3o essencial para o bem-estar emocional \ud83e\udde0 - Habitualmente\",\"isPartOf\":{\"@id\":\"https:\\\/\\\/lucianalluna.com\\\/habitualmente\\\/#website\"},\"primaryImageOfPage\":{\"@id\":\"https:\\\/\\\/lucianalluna.com\\\/habitualmente\\\/%f0%9f%92%a4-sono-e-saude-mental-uma-conexao-essencial-para-o-bem-estar-emocional-%f0%9f%a7%a0\\\/#primaryimage\"},\"image\":{\"@id\":\"https:\\\/\\\/lucianalluna.com\\\/habitualmente\\\/%f0%9f%92%a4-sono-e-saude-mental-uma-conexao-essencial-para-o-bem-estar-emocional-%f0%9f%a7%a0\\\/#primaryimage\"},\"thumbnailUrl\":\"https:\\\/\\\/lucianalluna.com\\\/habitualmente\\\/wp-content\\\/uploads\\\/2025\\\/06\\\/chatgpt-image-20-de-jun5052681201928438132-1024x683.jpg\",\"datePublished\":\"2025-07-01T12:00:33+00:00\",\"dateModified\":\"2025-07-01T18:00:23+00:00\",\"breadcrumb\":{\"@id\":\"https:\\\/\\\/lucianalluna.com\\\/habitualmente\\\/%f0%9f%92%a4-sono-e-saude-mental-uma-conexao-essencial-para-o-bem-estar-emocional-%f0%9f%a7%a0\\\/#breadcrumb\"},\"inLanguage\":\"pt-BR\",\"potentialAction\":[{\"@type\":\"ReadAction\",\"target\":[\"https:\\\/\\\/lucianalluna.com\\\/habitualmente\\\/%f0%9f%92%a4-sono-e-saude-mental-uma-conexao-essencial-para-o-bem-estar-emocional-%f0%9f%a7%a0\\\/\"]}]},{\"@type\":\"ImageObject\",\"inLanguage\":\"pt-BR\",\"@id\":\"https:\\\/\\\/lucianalluna.com\\\/habitualmente\\\/%f0%9f%92%a4-sono-e-saude-mental-uma-conexao-essencial-para-o-bem-estar-emocional-%f0%9f%a7%a0\\\/#primaryimage\",\"url\":\"https:\\\/\\\/lucianalluna.com\\\/habitualmente\\\/wp-content\\\/uploads\\\/2025\\\/06\\\/chatgpt-image-20-de-jun5052681201928438132.jpg\",\"contentUrl\":\"https:\\\/\\\/lucianalluna.com\\\/habitualmente\\\/wp-content\\\/uploads\\\/2025\\\/06\\\/chatgpt-image-20-de-jun5052681201928438132.jpg\",\"width\":1536,\"height\":1024},{\"@type\":\"BreadcrumbList\",\"@id\":\"https:\\\/\\\/lucianalluna.com\\\/habitualmente\\\/%f0%9f%92%a4-sono-e-saude-mental-uma-conexao-essencial-para-o-bem-estar-emocional-%f0%9f%a7%a0\\\/#breadcrumb\",\"itemListElement\":[{\"@type\":\"ListItem\",\"position\":1,\"name\":\"In\u00edcio\",\"item\":\"https:\\\/\\\/lucianalluna.com\\\/habitualmente\\\/\"},{\"@type\":\"ListItem\",\"position\":2,\"name\":\"\ud83d\udca4 Sono e Sa\u00fade Mental: uma conex\u00e3o essencial para o bem-estar emocional \ud83e\udde0\"}]},{\"@type\":\"WebSite\",\"@id\":\"https:\\\/\\\/lucianalluna.com\\\/habitualmente\\\/#website\",\"url\":\"https:\\\/\\\/lucianalluna.com\\\/habitualmente\\\/\",\"name\":\"Habitualmente\",\"description\":\"\",\"publisher\":{\"@id\":\"https:\\\/\\\/lucianalluna.com\\\/habitualmente\\\/#\\\/schema\\\/person\\\/877ddd38b0ebfa261bc1b8db8ebc3743\"},\"alternateName\":\"H\u00e1bitos\",\"potentialAction\":[{\"@type\":\"SearchAction\",\"target\":{\"@type\":\"EntryPoint\",\"urlTemplate\":\"https:\\\/\\\/lucianalluna.com\\\/habitualmente\\\/?s={search_term_string}\"},\"query-input\":{\"@type\":\"PropertyValueSpecification\",\"valueRequired\":true,\"valueName\":\"search_term_string\"}}],\"inLanguage\":\"pt-BR\"},{\"@type\":[\"Person\",\"Organization\"],\"@id\":\"https:\\\/\\\/lucianalluna.com\\\/habitualmente\\\/#\\\/schema\\\/person\\\/877ddd38b0ebfa261bc1b8db8ebc3743\",\"name\":\"llluna.psi\",\"image\":{\"@type\":\"ImageObject\",\"inLanguage\":\"pt-BR\",\"@id\":\"https:\\\/\\\/secure.gravatar.com\\\/avatar\\\/fd7828cafcc8e0dcb3d8dfe0a761586133106965efaf7b2db45b207d763d2283?s=96&d=mm&r=g\",\"url\":\"https:\\\/\\\/secure.gravatar.com\\\/avatar\\\/fd7828cafcc8e0dcb3d8dfe0a761586133106965efaf7b2db45b207d763d2283?s=96&d=mm&r=g\",\"contentUrl\":\"https:\\\/\\\/secure.gravatar.com\\\/avatar\\\/fd7828cafcc8e0dcb3d8dfe0a761586133106965efaf7b2db45b207d763d2283?s=96&d=mm&r=g\",\"caption\":\"llluna.psi\"},\"logo\":{\"@id\":\"https:\\\/\\\/secure.gravatar.com\\\/avatar\\\/fd7828cafcc8e0dcb3d8dfe0a761586133106965efaf7b2db45b207d763d2283?s=96&d=mm&r=g\"},\"description\":\"Sou Luciana L. Luna, Psic\u00f3loga Cl\u00ednica, graduada desde 2011, com atua\u00e7\u00e3o voltada para o atendimento psicol\u00f3gico online. Tenho me dedicado especialmente ao cuidado de pessoas que enfrentam sintomas de ansiedade, oferecendo um espa\u00e7o acolhedor, \u00e9tico e direcionado ao autoconhecimento e desenvolvimento emocional. Minha pr\u00e1tica \u00e9 fundamentada na Terapia Cognitivo-Comportamental (TCC), abordagem reconhecida cientificamente por sua efic\u00e1cia. Atrav\u00e9s dela, ajudo meus pacientes a compreenderem de forma mais clara a rela\u00e7\u00e3o entre pensamentos, emo\u00e7\u00f5es e comportamentos \u2014 promovendo mudan\u00e7as significativas na forma como interpretam e lidam com as situa\u00e7\u00f5es cotidianas. O objetivo \u00e9 que, com suporte t\u00e9cnico e reflex\u00e3o guiada, cada pessoa possa construir caminhos mais conscientes e saud\u00e1veis de enfrentamento, desenvolvendo uma nova forma de se relacionar consigo mesma, com os outros e com o mundo ao seu redor.\",\"sameAs\":[\"https:\\\/\\\/lucianalluna.com\\\/habitualmente\",\"https:\\\/\\\/www.instagram.com\\\/llluna.psi?igsh=MTg1ZDhqdGVyNG1reA==\"],\"url\":\"https:\\\/\\\/lucianalluna.com\\\/habitualmente\\\/author\\\/llluna-psi\\\/\"}]}<\/script>\n<!-- \/ Yoast SEO plugin. -->","yoast_head_json":{"title":"\ud83d\udca4 Sono e Sa\u00fade Mental: uma conex\u00e3o essencial para o bem-estar emocional \ud83e\udde0 - Habitualmente","robots":{"index":"index","follow":"follow","max-snippet":"max-snippet:-1","max-image-preview":"max-image-preview:large","max-video-preview":"max-video-preview:-1"},"canonical":"https:\/\/lucianalluna.com\/habitualmente\/\ud83d\udca4-sono-e-saude-mental-uma-conexao-essencial-para-o-bem-estar-emocional-\ud83e\udde0\/","og_locale":"pt_BR","og_type":"article","og_title":"\ud83d\udca4 Sono e Sa\u00fade Mental: uma conex\u00e3o essencial para o bem-estar emocional \ud83e\udde0 - Habitualmente","og_description":"Voc\u00ea sabia que a qualidade do sono influencia diretamente a sua sa\u00fade mental? Dormir bem n\u00e3o \u00e9 apenas uma necessidade biol\u00f3gica, \u00e9 um dos pilares para manter o equil\u00edbrio emocional, a clareza dos pensamentos e a regula\u00e7\u00e3o do humor. O que acontece com a mente quando n\u00e3o dormimos bem? A priva\u00e7\u00e3o ou baixa qualidade do ... Ler mais","og_url":"https:\/\/lucianalluna.com\/habitualmente\/\ud83d\udca4-sono-e-saude-mental-uma-conexao-essencial-para-o-bem-estar-emocional-\ud83e\udde0\/","og_site_name":"Habitualmente","article_published_time":"2025-07-01T12:00:33+00:00","article_modified_time":"2025-07-01T18:00:23+00:00","og_image":[{"url":"https:\/\/lucianalluna.com\/habitualmente\/wp-content\/uploads\/2025\/06\/chatgpt-image-20-de-jun5052681201928438132-1024x683.jpg","type":"","width":"","height":""}],"author":"llluna.psi","twitter_card":"summary_large_image","twitter_misc":{"Escrito por":"llluna.psi","Est. tempo de leitura":"2 minutos"},"schema":{"@context":"https:\/\/schema.org","@graph":[{"@type":"Article","@id":"https:\/\/lucianalluna.com\/habitualmente\/%f0%9f%92%a4-sono-e-saude-mental-uma-conexao-essencial-para-o-bem-estar-emocional-%f0%9f%a7%a0\/#article","isPartOf":{"@id":"https:\/\/lucianalluna.com\/habitualmente\/%f0%9f%92%a4-sono-e-saude-mental-uma-conexao-essencial-para-o-bem-estar-emocional-%f0%9f%a7%a0\/"},"author":{"name":"llluna.psi","@id":"https:\/\/lucianalluna.com\/habitualmente\/#\/schema\/person\/877ddd38b0ebfa261bc1b8db8ebc3743"},"headline":"\ud83d\udca4 Sono e Sa\u00fade Mental: uma conex\u00e3o essencial para o bem-estar emocional \ud83e\udde0","datePublished":"2025-07-01T12:00:33+00:00","dateModified":"2025-07-01T18:00:23+00:00","mainEntityOfPage":{"@id":"https:\/\/lucianalluna.com\/habitualmente\/%f0%9f%92%a4-sono-e-saude-mental-uma-conexao-essencial-para-o-bem-estar-emocional-%f0%9f%a7%a0\/"},"wordCount":330,"commentCount":0,"publisher":{"@id":"https:\/\/lucianalluna.com\/habitualmente\/#\/schema\/person\/877ddd38b0ebfa261bc1b8db8ebc3743"},"image":{"@id":"https:\/\/lucianalluna.com\/habitualmente\/%f0%9f%92%a4-sono-e-saude-mental-uma-conexao-essencial-para-o-bem-estar-emocional-%f0%9f%a7%a0\/#primaryimage"},"thumbnailUrl":"https:\/\/lucianalluna.com\/habitualmente\/wp-content\/uploads\/2025\/06\/chatgpt-image-20-de-jun5052681201928438132-1024x683.jpg","keywords":["ansiedade","gratid\u00e3o","pensamentos","respira\u00e7\u00e3o","t\u00e9cnicas"],"articleSection":["Blog"],"inLanguage":"pt-BR","potentialAction":[{"@type":"CommentAction","name":"Comment","target":["https:\/\/lucianalluna.com\/habitualmente\/%f0%9f%92%a4-sono-e-saude-mental-uma-conexao-essencial-para-o-bem-estar-emocional-%f0%9f%a7%a0\/#respond"]}]},{"@type":"WebPage","@id":"https:\/\/lucianalluna.com\/habitualmente\/%f0%9f%92%a4-sono-e-saude-mental-uma-conexao-essencial-para-o-bem-estar-emocional-%f0%9f%a7%a0\/","url":"https:\/\/lucianalluna.com\/habitualmente\/%f0%9f%92%a4-sono-e-saude-mental-uma-conexao-essencial-para-o-bem-estar-emocional-%f0%9f%a7%a0\/","name":"\ud83d\udca4 Sono e Sa\u00fade Mental: uma conex\u00e3o essencial para o bem-estar emocional \ud83e\udde0 - Habitualmente","isPartOf":{"@id":"https:\/\/lucianalluna.com\/habitualmente\/#website"},"primaryImageOfPage":{"@id":"https:\/\/lucianalluna.com\/habitualmente\/%f0%9f%92%a4-sono-e-saude-mental-uma-conexao-essencial-para-o-bem-estar-emocional-%f0%9f%a7%a0\/#primaryimage"},"image":{"@id":"https:\/\/lucianalluna.com\/habitualmente\/%f0%9f%92%a4-sono-e-saude-mental-uma-conexao-essencial-para-o-bem-estar-emocional-%f0%9f%a7%a0\/#primaryimage"},"thumbnailUrl":"https:\/\/lucianalluna.com\/habitualmente\/wp-content\/uploads\/2025\/06\/chatgpt-image-20-de-jun5052681201928438132-1024x683.jpg","datePublished":"2025-07-01T12:00:33+00:00","dateModified":"2025-07-01T18:00:23+00:00","breadcrumb":{"@id":"https:\/\/lucianalluna.com\/habitualmente\/%f0%9f%92%a4-sono-e-saude-mental-uma-conexao-essencial-para-o-bem-estar-emocional-%f0%9f%a7%a0\/#breadcrumb"},"inLanguage":"pt-BR","potentialAction":[{"@type":"ReadAction","target":["https:\/\/lucianalluna.com\/habitualmente\/%f0%9f%92%a4-sono-e-saude-mental-uma-conexao-essencial-para-o-bem-estar-emocional-%f0%9f%a7%a0\/"]}]},{"@type":"ImageObject","inLanguage":"pt-BR","@id":"https:\/\/lucianalluna.com\/habitualmente\/%f0%9f%92%a4-sono-e-saude-mental-uma-conexao-essencial-para-o-bem-estar-emocional-%f0%9f%a7%a0\/#primaryimage","url":"https:\/\/lucianalluna.com\/habitualmente\/wp-content\/uploads\/2025\/06\/chatgpt-image-20-de-jun5052681201928438132.jpg","contentUrl":"https:\/\/lucianalluna.com\/habitualmente\/wp-content\/uploads\/2025\/06\/chatgpt-image-20-de-jun5052681201928438132.jpg","width":1536,"height":1024},{"@type":"BreadcrumbList","@id":"https:\/\/lucianalluna.com\/habitualmente\/%f0%9f%92%a4-sono-e-saude-mental-uma-conexao-essencial-para-o-bem-estar-emocional-%f0%9f%a7%a0\/#breadcrumb","itemListElement":[{"@type":"ListItem","position":1,"name":"In\u00edcio","item":"https:\/\/lucianalluna.com\/habitualmente\/"},{"@type":"ListItem","position":2,"name":"\ud83d\udca4 Sono e Sa\u00fade Mental: uma conex\u00e3o essencial para o bem-estar emocional \ud83e\udde0"}]},{"@type":"WebSite","@id":"https:\/\/lucianalluna.com\/habitualmente\/#website","url":"https:\/\/lucianalluna.com\/habitualmente\/","name":"Habitualmente","description":"","publisher":{"@id":"https:\/\/lucianalluna.com\/habitualmente\/#\/schema\/person\/877ddd38b0ebfa261bc1b8db8ebc3743"},"alternateName":"H\u00e1bitos","potentialAction":[{"@type":"SearchAction","target":{"@type":"EntryPoint","urlTemplate":"https:\/\/lucianalluna.com\/habitualmente\/?s={search_term_string}"},"query-input":{"@type":"PropertyValueSpecification","valueRequired":true,"valueName":"search_term_string"}}],"inLanguage":"pt-BR"},{"@type":["Person","Organization"],"@id":"https:\/\/lucianalluna.com\/habitualmente\/#\/schema\/person\/877ddd38b0ebfa261bc1b8db8ebc3743","name":"llluna.psi","image":{"@type":"ImageObject","inLanguage":"pt-BR","@id":"https:\/\/secure.gravatar.com\/avatar\/fd7828cafcc8e0dcb3d8dfe0a761586133106965efaf7b2db45b207d763d2283?s=96&d=mm&r=g","url":"https:\/\/secure.gravatar.com\/avatar\/fd7828cafcc8e0dcb3d8dfe0a761586133106965efaf7b2db45b207d763d2283?s=96&d=mm&r=g","contentUrl":"https:\/\/secure.gravatar.com\/avatar\/fd7828cafcc8e0dcb3d8dfe0a761586133106965efaf7b2db45b207d763d2283?s=96&d=mm&r=g","caption":"llluna.psi"},"logo":{"@id":"https:\/\/secure.gravatar.com\/avatar\/fd7828cafcc8e0dcb3d8dfe0a761586133106965efaf7b2db45b207d763d2283?s=96&d=mm&r=g"},"description":"Sou Luciana L. Luna, Psic\u00f3loga Cl\u00ednica, graduada desde 2011, com atua\u00e7\u00e3o voltada para o atendimento psicol\u00f3gico online. Tenho me dedicado especialmente ao cuidado de pessoas que enfrentam sintomas de ansiedade, oferecendo um espa\u00e7o acolhedor, \u00e9tico e direcionado ao autoconhecimento e desenvolvimento emocional. Minha pr\u00e1tica \u00e9 fundamentada na Terapia Cognitivo-Comportamental (TCC), abordagem reconhecida cientificamente por sua efic\u00e1cia. Atrav\u00e9s dela, ajudo meus pacientes a compreenderem de forma mais clara a rela\u00e7\u00e3o entre pensamentos, emo\u00e7\u00f5es e comportamentos \u2014 promovendo mudan\u00e7as significativas na forma como interpretam e lidam com as situa\u00e7\u00f5es cotidianas. O objetivo \u00e9 que, com suporte t\u00e9cnico e reflex\u00e3o guiada, cada pessoa possa construir caminhos mais conscientes e saud\u00e1veis de enfrentamento, desenvolvendo uma nova forma de se relacionar consigo mesma, com os outros e com o mundo ao seu redor.","sameAs":["https:\/\/lucianalluna.com\/habitualmente","https:\/\/www.instagram.com\/llluna.psi?igsh=MTg1ZDhqdGVyNG1reA=="],"url":"https:\/\/lucianalluna.com\/habitualmente\/author\/llluna-psi\/"}]}},"_links":{"self":[{"href":"https:\/\/lucianalluna.com\/habitualmente\/wp-json\/wp\/v2\/posts\/288","targetHints":{"allow":["GET"]}}],"collection":[{"href":"https:\/\/lucianalluna.com\/habitualmente\/wp-json\/wp\/v2\/posts"}],"about":[{"href":"https:\/\/lucianalluna.com\/habitualmente\/wp-json\/wp\/v2\/types\/post"}],"author":[{"embeddable":true,"href":"https:\/\/lucianalluna.com\/habitualmente\/wp-json\/wp\/v2\/users\/1"}],"replies":[{"embeddable":true,"href":"https:\/\/lucianalluna.com\/habitualmente\/wp-json\/wp\/v2\/comments?post=288"}],"version-history":[{"count":3,"href":"https:\/\/lucianalluna.com\/habitualmente\/wp-json\/wp\/v2\/posts\/288\/revisions"}],"predecessor-version":[{"id":298,"href":"https:\/\/lucianalluna.com\/habitualmente\/wp-json\/wp\/v2\/posts\/288\/revisions\/298"}],"wp:attachment":[{"href":"https:\/\/lucianalluna.com\/habitualmente\/wp-json\/wp\/v2\/media?parent=288"}],"wp:term":[{"taxonomy":"category","embeddable":true,"href":"https:\/\/lucianalluna.com\/habitualmente\/wp-json\/wp\/v2\/categories?post=288"},{"taxonomy":"post_tag","embeddable":true,"href":"https:\/\/lucianalluna.com\/habitualmente\/wp-json\/wp\/v2\/tags?post=288"}],"curies":[{"name":"wp","href":"https:\/\/api.w.org\/{rel}","templated":true}]}}