{"id":311,"date":"2025-07-11T08:00:00","date_gmt":"2025-07-11T11:00:00","guid":{"rendered":"https:\/\/lucianalluna.com\/habitualmente\/?p=311"},"modified":"2025-07-01T19:06:36","modified_gmt":"2025-07-01T22:06:36","slug":"7-habitos-matinais-comprovados-pela-ciencia-que-transformam-seu-bem-estar","status":"publish","type":"post","link":"https:\/\/lucianalluna.com\/habitualmente\/7-habitos-matinais-comprovados-pela-ciencia-que-transformam-seu-bem-estar\/","title":{"rendered":"7 H\u00e1bitos Matinais Comprovados Pela Ci\u00eancia Que Transformam Seu Bem-Estar"},"content":{"rendered":"\n<p>Voc\u00ea j\u00e1 se perguntou por que algumas pessoas parecem ter energia, foco e motiva\u00e7\u00e3o todos os dias? A resposta pode estar na forma como elas come\u00e7am a manh\u00e3. Neste artigo, voc\u00ea vai conhecer 7 h\u00e1bitos matinais validados por pesquisas cient\u00edficas que podem transformar seu humor, sua sa\u00fade e sua produtividade.<\/p>\n\n\n\n<figure class=\"wp-block-gallery has-nested-images columns-default is-cropped wp-block-gallery-1 is-layout-flex wp-block-gallery-is-layout-flex\">\n<figure class=\"wp-block-image size-large\"><img decoding=\"async\" width=\"683\" height=\"1024\" data-id=\"312\" src=\"https:\/\/lucianalluna.com\/habitualmente\/wp-content\/uploads\/2025\/07\/mulher-elegante-passar-o-tempo-em-um-parque-primavera-683x1024.jpg\" alt=\"\" class=\"wp-image-312\" srcset=\"https:\/\/lucianalluna.com\/habitualmente\/wp-content\/uploads\/2025\/07\/mulher-elegante-passar-o-tempo-em-um-parque-primavera-683x1024.jpg 683w, https:\/\/lucianalluna.com\/habitualmente\/wp-content\/uploads\/2025\/07\/mulher-elegante-passar-o-tempo-em-um-parque-primavera-200x300.jpg 200w, https:\/\/lucianalluna.com\/habitualmente\/wp-content\/uploads\/2025\/07\/mulher-elegante-passar-o-tempo-em-um-parque-primavera-768x1152.jpg 768w, https:\/\/lucianalluna.com\/habitualmente\/wp-content\/uploads\/2025\/07\/mulher-elegante-passar-o-tempo-em-um-parque-primavera-1024x1536.jpg 1024w, https:\/\/lucianalluna.com\/habitualmente\/wp-content\/uploads\/2025\/07\/mulher-elegante-passar-o-tempo-em-um-parque-primavera-1365x2048.jpg 1365w, https:\/\/lucianalluna.com\/habitualmente\/wp-content\/uploads\/2025\/07\/mulher-elegante-passar-o-tempo-em-um-parque-primavera-scaled.jpg 1707w\" sizes=\"(max-width: 683px) 100vw, 683px\" \/><\/figure>\n<\/figure>\n\n\n\n<p>Come\u00e7ar o dia com h\u00e1bitos saud\u00e1veis faz toda a diferen\u00e7a.<\/p>\n\n\n\n<h2 class=\"wp-block-heading\">1. Acorde Sempre no Mesmo Hor\u00e1rio<\/h2>\n\n\n\n<p>Come\u00e7ar o dia de forma consistente ajuda a regular seu rel\u00f3gio biol\u00f3gico. Estudos mostram que a regularidade do sono diminui sintomas de depress\u00e3o e ansiedade.<\/p>\n\n\n\n<h2 class=\"wp-block-heading\">2. Beba um Copo de \u00c1gua ao Levantar<\/h2>\n\n\n\n<p>Hidratar-se logo cedo melhora o metabolismo e reduz a sensa\u00e7\u00e3o de cansa\u00e7o.<\/p>\n\n\n\n<figure class=\"wp-block-gallery has-nested-images columns-default is-cropped wp-block-gallery-2 is-layout-flex wp-block-gallery-is-layout-flex\">\n<figure class=\"wp-block-image size-large\"><img decoding=\"async\" width=\"1024\" height=\"684\" data-id=\"313\" src=\"https:\/\/lucianalluna.com\/habitualmente\/wp-content\/uploads\/2025\/07\/loiro-menina-copo-levando-de-agua-1-1024x684.jpg\" alt=\"\" class=\"wp-image-313\" srcset=\"https:\/\/lucianalluna.com\/habitualmente\/wp-content\/uploads\/2025\/07\/loiro-menina-copo-levando-de-agua-1-1024x684.jpg 1024w, https:\/\/lucianalluna.com\/habitualmente\/wp-content\/uploads\/2025\/07\/loiro-menina-copo-levando-de-agua-1-300x200.jpg 300w, https:\/\/lucianalluna.com\/habitualmente\/wp-content\/uploads\/2025\/07\/loiro-menina-copo-levando-de-agua-1-768x513.jpg 768w, https:\/\/lucianalluna.com\/habitualmente\/wp-content\/uploads\/2025\/07\/loiro-menina-copo-levando-de-agua-1-1536x1025.jpg 1536w, https:\/\/lucianalluna.com\/habitualmente\/wp-content\/uploads\/2025\/07\/loiro-menina-copo-levando-de-agua-1-2048x1367.jpg 2048w\" sizes=\"(max-width: 1024px) 100vw, 1024px\" \/><\/figure>\n<\/figure>\n\n\n\n<p>Beber \u00e1gua pela manh\u00e3 traz energia e clareza mental.<\/p>\n\n\n\n<h2 class=\"wp-block-heading\">3. Pratique 5 Minutos de Respira\u00e7\u00e3o Consciente<\/h2>\n\n\n\n<p>Pesquisas da\u00a0<em>Harvard Medical School<\/em>\u00a0comprovam que a respira\u00e7\u00e3o profunda reduz o cortisol, o horm\u00f4nio do estresse.<\/p>\n\n\n\n<figure class=\"wp-block-gallery has-nested-images columns-default is-cropped wp-block-gallery-3 is-layout-flex wp-block-gallery-is-layout-flex\">\n<figure class=\"wp-block-image size-large\"><img decoding=\"async\" width=\"1024\" height=\"683\" data-id=\"314\" src=\"https:\/\/lucianalluna.com\/habitualmente\/wp-content\/uploads\/2025\/07\/mulher-concentra-se-em-pensamentos-positivos-na-manha-1-1024x683.jpg\" alt=\"\" class=\"wp-image-314\" srcset=\"https:\/\/lucianalluna.com\/habitualmente\/wp-content\/uploads\/2025\/07\/mulher-concentra-se-em-pensamentos-positivos-na-manha-1-1024x683.jpg 1024w, https:\/\/lucianalluna.com\/habitualmente\/wp-content\/uploads\/2025\/07\/mulher-concentra-se-em-pensamentos-positivos-na-manha-1-300x200.jpg 300w, https:\/\/lucianalluna.com\/habitualmente\/wp-content\/uploads\/2025\/07\/mulher-concentra-se-em-pensamentos-positivos-na-manha-1-768x512.jpg 768w, https:\/\/lucianalluna.com\/habitualmente\/wp-content\/uploads\/2025\/07\/mulher-concentra-se-em-pensamentos-positivos-na-manha-1-1536x1024.jpg 1536w, https:\/\/lucianalluna.com\/habitualmente\/wp-content\/uploads\/2025\/07\/mulher-concentra-se-em-pensamentos-positivos-na-manha-1-2048x1365.jpg 2048w\" sizes=\"(max-width: 1024px) 100vw, 1024px\" \/><\/figure>\n<\/figure>\n\n\n\n<p>A respira\u00e7\u00e3o consciente \u00e9 simples e poderosa.<br><\/p>\n\n\n\n<h2 class=\"wp-block-heading\">4. Tome Sol por Pelo Menos 10 Minutos<\/h2>\n\n\n\n<p>A luz natural aumenta a produ\u00e7\u00e3o de serotonina, que regula o humor e ajuda a prevenir depress\u00e3o.<\/p>\n\n\n\n<figure class=\"wp-block-gallery has-nested-images columns-default is-cropped wp-block-gallery-4 is-layout-flex wp-block-gallery-is-layout-flex\">\n<figure class=\"wp-block-image size-large\"><img decoding=\"async\" width=\"684\" height=\"1024\" data-id=\"315\" src=\"https:\/\/lucianalluna.com\/habitualmente\/wp-content\/uploads\/2025\/07\/close-up-mulher-olhando-pela-janela-1-684x1024.jpg\" alt=\"\" class=\"wp-image-315\" srcset=\"https:\/\/lucianalluna.com\/habitualmente\/wp-content\/uploads\/2025\/07\/close-up-mulher-olhando-pela-janela-1-684x1024.jpg 684w, https:\/\/lucianalluna.com\/habitualmente\/wp-content\/uploads\/2025\/07\/close-up-mulher-olhando-pela-janela-1-200x300.jpg 200w, https:\/\/lucianalluna.com\/habitualmente\/wp-content\/uploads\/2025\/07\/close-up-mulher-olhando-pela-janela-1-768x1150.jpg 768w, https:\/\/lucianalluna.com\/habitualmente\/wp-content\/uploads\/2025\/07\/close-up-mulher-olhando-pela-janela-1-1025x1536.jpg 1025w, https:\/\/lucianalluna.com\/habitualmente\/wp-content\/uploads\/2025\/07\/close-up-mulher-olhando-pela-janela-1-1367x2048.jpg 1367w, https:\/\/lucianalluna.com\/habitualmente\/wp-content\/uploads\/2025\/07\/close-up-mulher-olhando-pela-janela-1-scaled.jpg 1709w\" sizes=\"(max-width: 684px) 100vw, 684px\" \/><\/figure>\n<\/figure>\n\n\n\n<p>A luz do sol matinal equilibra o ritmo circadiano.<\/p>\n\n\n\n<h2 class=\"wp-block-heading\">5. Planeje as 3 Principais Tarefas do Dia<\/h2>\n\n\n\n<p>Isso ajuda seu c\u00e9rebro a priorizar e evita sobrecarga mental.<\/p>\n\n\n\n<figure class=\"wp-block-gallery has-nested-images columns-default is-cropped wp-block-gallery-5 is-layout-flex wp-block-gallery-is-layout-flex\">\n<figure class=\"wp-block-image size-large\"><img decoding=\"async\" width=\"1024\" height=\"683\" data-id=\"316\" src=\"https:\/\/lucianalluna.com\/habitualmente\/wp-content\/uploads\/2025\/07\/charmosa-empresaria-de-oculos-e-camisa-listrada-trabalhando-com-o-computador-portatil-enquanto-localizacao-em-casa-1024x683.jpg\" alt=\"\" class=\"wp-image-316\" srcset=\"https:\/\/lucianalluna.com\/habitualmente\/wp-content\/uploads\/2025\/07\/charmosa-empresaria-de-oculos-e-camisa-listrada-trabalhando-com-o-computador-portatil-enquanto-localizacao-em-casa-1024x683.jpg 1024w, https:\/\/lucianalluna.com\/habitualmente\/wp-content\/uploads\/2025\/07\/charmosa-empresaria-de-oculos-e-camisa-listrada-trabalhando-com-o-computador-portatil-enquanto-localizacao-em-casa-300x200.jpg 300w, https:\/\/lucianalluna.com\/habitualmente\/wp-content\/uploads\/2025\/07\/charmosa-empresaria-de-oculos-e-camisa-listrada-trabalhando-com-o-computador-portatil-enquanto-localizacao-em-casa-768x513.jpg 768w, https:\/\/lucianalluna.com\/habitualmente\/wp-content\/uploads\/2025\/07\/charmosa-empresaria-de-oculos-e-camisa-listrada-trabalhando-com-o-computador-portatil-enquanto-localizacao-em-casa-1536x1025.jpg 1536w, https:\/\/lucianalluna.com\/habitualmente\/wp-content\/uploads\/2025\/07\/charmosa-empresaria-de-oculos-e-camisa-listrada-trabalhando-com-o-computador-portatil-enquanto-localizacao-em-casa-2048x1367.jpg 2048w\" sizes=\"(max-width: 1024px) 100vw, 1024px\" \/><\/figure>\n<\/figure>\n\n\n\n<p>Definir prioridades aumenta a produtividade.<br><\/p>\n\n\n\n<h2 class=\"wp-block-heading\">6. Fa\u00e7a um Caf\u00e9 da Manh\u00e3 Rico em Prote\u00ednas<\/h2>\n\n\n\n<p>Um caf\u00e9 da manh\u00e3 equilibrado mant\u00e9m sua energia est\u00e1vel ao longo do dia.<\/p>\n\n\n\n<figure class=\"wp-block-gallery has-nested-images columns-default is-cropped wp-block-gallery-6 is-layout-flex wp-block-gallery-is-layout-flex\">\n<figure class=\"wp-block-image size-large\"><img decoding=\"async\" width=\"1024\" height=\"683\" data-id=\"317\" src=\"https:\/\/lucianalluna.com\/habitualmente\/wp-content\/uploads\/2025\/07\/menina-loira-tomando-cafe-da-manha-1-1024x683.jpg\" alt=\"\" class=\"wp-image-317\" srcset=\"https:\/\/lucianalluna.com\/habitualmente\/wp-content\/uploads\/2025\/07\/menina-loira-tomando-cafe-da-manha-1-1024x683.jpg 1024w, https:\/\/lucianalluna.com\/habitualmente\/wp-content\/uploads\/2025\/07\/menina-loira-tomando-cafe-da-manha-1-300x200.jpg 300w, https:\/\/lucianalluna.com\/habitualmente\/wp-content\/uploads\/2025\/07\/menina-loira-tomando-cafe-da-manha-1-768x512.jpg 768w, https:\/\/lucianalluna.com\/habitualmente\/wp-content\/uploads\/2025\/07\/menina-loira-tomando-cafe-da-manha-1-1536x1024.jpg 1536w, https:\/\/lucianalluna.com\/habitualmente\/wp-content\/uploads\/2025\/07\/menina-loira-tomando-cafe-da-manha-1-2048x1365.jpg 2048w\" sizes=\"(max-width: 1024px) 100vw, 1024px\" \/><\/figure>\n<\/figure>\n\n\n\n<p>Alimentos nutritivos d\u00e3o energia ao corpo e mente.<\/p>\n\n\n\n<p><br><\/p>\n\n\n\n<h2 class=\"wp-block-heading\">7. Reserve 10 Minutos Para o Autocuidado<br><\/h2>\n\n\n\n<p>Ler, alongar, ouvir m\u00fasica ou meditar: escolha uma atividade que alimente sua mente.<\/p>\n\n\n\n<figure class=\"wp-block-gallery has-nested-images columns-default is-cropped wp-block-gallery-7 is-layout-flex wp-block-gallery-is-layout-flex\">\n<figure class=\"wp-block-image size-large\"><img decoding=\"async\" width=\"1024\" height=\"683\" data-id=\"318\" src=\"https:\/\/lucianalluna.com\/habitualmente\/wp-content\/uploads\/2025\/07\/vlogger-de-beleza-se-preparando-para-um-videoblog-1-1024x683.jpg\" alt=\"\" class=\"wp-image-318\" srcset=\"https:\/\/lucianalluna.com\/habitualmente\/wp-content\/uploads\/2025\/07\/vlogger-de-beleza-se-preparando-para-um-videoblog-1-1024x683.jpg 1024w, https:\/\/lucianalluna.com\/habitualmente\/wp-content\/uploads\/2025\/07\/vlogger-de-beleza-se-preparando-para-um-videoblog-1-300x200.jpg 300w, https:\/\/lucianalluna.com\/habitualmente\/wp-content\/uploads\/2025\/07\/vlogger-de-beleza-se-preparando-para-um-videoblog-1-768x512.jpg 768w, https:\/\/lucianalluna.com\/habitualmente\/wp-content\/uploads\/2025\/07\/vlogger-de-beleza-se-preparando-para-um-videoblog-1-1536x1024.jpg 1536w, https:\/\/lucianalluna.com\/habitualmente\/wp-content\/uploads\/2025\/07\/vlogger-de-beleza-se-preparando-para-um-videoblog-1-2048x1365.jpg 2048w\" sizes=\"(max-width: 1024px) 100vw, 1024px\" \/><\/figure>\n<\/figure>\n\n\n\n<p>O autocuidado di\u00e1rio fortalece o equil\u00edbrio emocional.<\/p>\n\n\n\n<h2 class=\"wp-block-heading\">Conclus\u00e3o<\/h2>\n\n\n\n<p>Adotar h\u00e1bitos saud\u00e1veis pela manh\u00e3 n\u00e3o precisa ser complicado. Comece aos poucos e perceba como pequenas mudan\u00e7as transformam seu bem-estar.<\/p>\n\n\n\n<p><strong>Gostou? Compartilhe este artigo.<\/strong><br><\/p>\n","protected":false},"excerpt":{"rendered":"<p>Voc\u00ea j\u00e1 se perguntou por que algumas pessoas parecem ter energia, foco e motiva\u00e7\u00e3o todos os dias? A resposta pode estar na forma como elas come\u00e7am a manh\u00e3. Neste artigo, voc\u00ea vai conhecer 7 h\u00e1bitos matinais validados por pesquisas cient\u00edficas que podem transformar seu humor, sua sa\u00fade e sua produtividade. Come\u00e7ar o dia com h\u00e1bitos &#8230; <a title=\"7 H\u00e1bitos Matinais Comprovados Pela Ci\u00eancia Que Transformam Seu Bem-Estar\" class=\"read-more\" href=\"https:\/\/lucianalluna.com\/habitualmente\/7-habitos-matinais-comprovados-pela-ciencia-que-transformam-seu-bem-estar\/\" aria-label=\"Read more about 7 H\u00e1bitos Matinais Comprovados Pela Ci\u00eancia Que Transformam Seu Bem-Estar\">Ler mais<\/a><\/p>\n","protected":false},"author":1,"featured_media":0,"comment_status":"open","ping_status":"open","sticky":false,"template":"","format":"standard","meta":{"footnotes":""},"categories":[1],"tags":[37,17,35,28,26,33,27,30,32,39,31,36,38,34,29],"class_list":["post-311","post","type-post","status-publish","format-standard","hentry","category-blog","tag-alongar","tag-ansiedade","tag-autocuidado","tag-bem-estar","tag-cafe-da-manha","tag-corpo","tag-depressao","tag-energia","tag-equilibrio","tag-habitos-saudaveis","tag-humor","tag-ler","tag-meditar","tag-mente","tag-produtividade"],"yoast_head":"<!-- This site is optimized with the Yoast SEO plugin v27.4 - https:\/\/yoast.com\/product\/yoast-seo-wordpress\/ -->\n<title>7 H\u00e1bitos Matinais Comprovados Pela Ci\u00eancia Que Transformam Seu Bem-Estar - Habitualmente<\/title>\n<meta name=\"robots\" content=\"index, follow, max-snippet:-1, max-image-preview:large, max-video-preview:-1\" \/>\n<link rel=\"canonical\" href=\"https:\/\/lucianalluna.com\/habitualmente\/7-habitos-matinais-comprovados-pela-ciencia-que-transformam-seu-bem-estar\/\" \/>\n<meta property=\"og:locale\" content=\"pt_BR\" \/>\n<meta property=\"og:type\" content=\"article\" \/>\n<meta property=\"og:title\" content=\"7 H\u00e1bitos Matinais Comprovados Pela Ci\u00eancia Que Transformam Seu Bem-Estar - Habitualmente\" \/>\n<meta property=\"og:description\" content=\"Voc\u00ea j\u00e1 se perguntou por que algumas pessoas parecem ter energia, foco e motiva\u00e7\u00e3o todos os dias? A resposta pode estar na forma como elas come\u00e7am a manh\u00e3. Neste artigo, voc\u00ea vai conhecer 7 h\u00e1bitos matinais validados por pesquisas cient\u00edficas que podem transformar seu humor, sua sa\u00fade e sua produtividade. Come\u00e7ar o dia com h\u00e1bitos ... Ler mais\" \/>\n<meta property=\"og:url\" content=\"https:\/\/lucianalluna.com\/habitualmente\/7-habitos-matinais-comprovados-pela-ciencia-que-transformam-seu-bem-estar\/\" \/>\n<meta property=\"og:site_name\" content=\"Habitualmente\" \/>\n<meta property=\"article:published_time\" content=\"2025-07-11T11:00:00+00:00\" \/>\n<meta property=\"og:image\" content=\"https:\/\/lucianalluna.com\/habitualmente\/wp-content\/uploads\/2025\/07\/mulher-elegante-passar-o-tempo-em-um-parque-primavera-scaled.jpg\" \/>\n\t<meta property=\"og:image:width\" content=\"1707\" \/>\n\t<meta property=\"og:image:height\" content=\"2560\" \/>\n\t<meta property=\"og:image:type\" content=\"image\/jpeg\" \/>\n<meta name=\"author\" content=\"llluna.psi\" \/>\n<meta name=\"twitter:card\" content=\"summary_large_image\" \/>\n<meta name=\"twitter:label1\" content=\"Escrito por\" \/>\n\t<meta name=\"twitter:data1\" content=\"llluna.psi\" \/>\n\t<meta name=\"twitter:label2\" content=\"Est. tempo de leitura\" \/>\n\t<meta name=\"twitter:data2\" content=\"4 minutos\" \/>\n<script type=\"application\/ld+json\" class=\"yoast-schema-graph\">{\"@context\":\"https:\\\/\\\/schema.org\",\"@graph\":[{\"@type\":\"Article\",\"@id\":\"https:\\\/\\\/lucianalluna.com\\\/habitualmente\\\/7-habitos-matinais-comprovados-pela-ciencia-que-transformam-seu-bem-estar\\\/#article\",\"isPartOf\":{\"@id\":\"https:\\\/\\\/lucianalluna.com\\\/habitualmente\\\/7-habitos-matinais-comprovados-pela-ciencia-que-transformam-seu-bem-estar\\\/\"},\"author\":{\"name\":\"llluna.psi\",\"@id\":\"https:\\\/\\\/lucianalluna.com\\\/habitualmente\\\/#\\\/schema\\\/person\\\/877ddd38b0ebfa261bc1b8db8ebc3743\"},\"headline\":\"7 H\u00e1bitos Matinais Comprovados Pela Ci\u00eancia Que Transformam Seu Bem-Estar\",\"datePublished\":\"2025-07-11T11:00:00+00:00\",\"mainEntityOfPage\":{\"@id\":\"https:\\\/\\\/lucianalluna.com\\\/habitualmente\\\/7-habitos-matinais-comprovados-pela-ciencia-que-transformam-seu-bem-estar\\\/\"},\"wordCount\":324,\"commentCount\":0,\"publisher\":{\"@id\":\"https:\\\/\\\/lucianalluna.com\\\/habitualmente\\\/#\\\/schema\\\/person\\\/877ddd38b0ebfa261bc1b8db8ebc3743\"},\"image\":{\"@id\":\"https:\\\/\\\/lucianalluna.com\\\/habitualmente\\\/7-habitos-matinais-comprovados-pela-ciencia-que-transformam-seu-bem-estar\\\/#primaryimage\"},\"thumbnailUrl\":\"https:\\\/\\\/lucianalluna.com\\\/habitualmente\\\/wp-content\\\/uploads\\\/2025\\\/07\\\/mulher-elegante-passar-o-tempo-em-um-parque-primavera-683x1024.jpg\",\"keywords\":[\"alongar\",\"ansiedade\",\"autocuidado\",\"bem-estar\",\"Caf\u00e9 da manh\u00e3\",\"corpo\",\"depress\u00e3o\",\"energia\",\"equil\u00edbrio\",\"h\u00e1bitos saud\u00e1veis\",\"humor\",\"ler\",\"meditar\",\"mente\",\"produtividade\"],\"articleSection\":[\"Blog\"],\"inLanguage\":\"pt-BR\",\"potentialAction\":[{\"@type\":\"CommentAction\",\"name\":\"Comment\",\"target\":[\"https:\\\/\\\/lucianalluna.com\\\/habitualmente\\\/7-habitos-matinais-comprovados-pela-ciencia-que-transformam-seu-bem-estar\\\/#respond\"]}]},{\"@type\":\"WebPage\",\"@id\":\"https:\\\/\\\/lucianalluna.com\\\/habitualmente\\\/7-habitos-matinais-comprovados-pela-ciencia-que-transformam-seu-bem-estar\\\/\",\"url\":\"https:\\\/\\\/lucianalluna.com\\\/habitualmente\\\/7-habitos-matinais-comprovados-pela-ciencia-que-transformam-seu-bem-estar\\\/\",\"name\":\"7 H\u00e1bitos Matinais Comprovados Pela Ci\u00eancia Que Transformam Seu Bem-Estar - Habitualmente\",\"isPartOf\":{\"@id\":\"https:\\\/\\\/lucianalluna.com\\\/habitualmente\\\/#website\"},\"primaryImageOfPage\":{\"@id\":\"https:\\\/\\\/lucianalluna.com\\\/habitualmente\\\/7-habitos-matinais-comprovados-pela-ciencia-que-transformam-seu-bem-estar\\\/#primaryimage\"},\"image\":{\"@id\":\"https:\\\/\\\/lucianalluna.com\\\/habitualmente\\\/7-habitos-matinais-comprovados-pela-ciencia-que-transformam-seu-bem-estar\\\/#primaryimage\"},\"thumbnailUrl\":\"https:\\\/\\\/lucianalluna.com\\\/habitualmente\\\/wp-content\\\/uploads\\\/2025\\\/07\\\/mulher-elegante-passar-o-tempo-em-um-parque-primavera-683x1024.jpg\",\"datePublished\":\"2025-07-11T11:00:00+00:00\",\"breadcrumb\":{\"@id\":\"https:\\\/\\\/lucianalluna.com\\\/habitualmente\\\/7-habitos-matinais-comprovados-pela-ciencia-que-transformam-seu-bem-estar\\\/#breadcrumb\"},\"inLanguage\":\"pt-BR\",\"potentialAction\":[{\"@type\":\"ReadAction\",\"target\":[\"https:\\\/\\\/lucianalluna.com\\\/habitualmente\\\/7-habitos-matinais-comprovados-pela-ciencia-que-transformam-seu-bem-estar\\\/\"]}]},{\"@type\":\"ImageObject\",\"inLanguage\":\"pt-BR\",\"@id\":\"https:\\\/\\\/lucianalluna.com\\\/habitualmente\\\/7-habitos-matinais-comprovados-pela-ciencia-que-transformam-seu-bem-estar\\\/#primaryimage\",\"url\":\"https:\\\/\\\/lucianalluna.com\\\/habitualmente\\\/wp-content\\\/uploads\\\/2025\\\/07\\\/mulher-elegante-passar-o-tempo-em-um-parque-primavera-scaled.jpg\",\"contentUrl\":\"https:\\\/\\\/lucianalluna.com\\\/habitualmente\\\/wp-content\\\/uploads\\\/2025\\\/07\\\/mulher-elegante-passar-o-tempo-em-um-parque-primavera-scaled.jpg\",\"width\":1707,\"height\":2560,\"caption\":\"Woman in a spring park. Brunette in a red dress. Girl near blossom tree.\"},{\"@type\":\"BreadcrumbList\",\"@id\":\"https:\\\/\\\/lucianalluna.com\\\/habitualmente\\\/7-habitos-matinais-comprovados-pela-ciencia-que-transformam-seu-bem-estar\\\/#breadcrumb\",\"itemListElement\":[{\"@type\":\"ListItem\",\"position\":1,\"name\":\"In\u00edcio\",\"item\":\"https:\\\/\\\/lucianalluna.com\\\/habitualmente\\\/\"},{\"@type\":\"ListItem\",\"position\":2,\"name\":\"7 H\u00e1bitos Matinais Comprovados Pela Ci\u00eancia Que Transformam Seu Bem-Estar\"}]},{\"@type\":\"WebSite\",\"@id\":\"https:\\\/\\\/lucianalluna.com\\\/habitualmente\\\/#website\",\"url\":\"https:\\\/\\\/lucianalluna.com\\\/habitualmente\\\/\",\"name\":\"Habitualmente\",\"description\":\"\",\"publisher\":{\"@id\":\"https:\\\/\\\/lucianalluna.com\\\/habitualmente\\\/#\\\/schema\\\/person\\\/877ddd38b0ebfa261bc1b8db8ebc3743\"},\"alternateName\":\"H\u00e1bitos\",\"potentialAction\":[{\"@type\":\"SearchAction\",\"target\":{\"@type\":\"EntryPoint\",\"urlTemplate\":\"https:\\\/\\\/lucianalluna.com\\\/habitualmente\\\/?s={search_term_string}\"},\"query-input\":{\"@type\":\"PropertyValueSpecification\",\"valueRequired\":true,\"valueName\":\"search_term_string\"}}],\"inLanguage\":\"pt-BR\"},{\"@type\":[\"Person\",\"Organization\"],\"@id\":\"https:\\\/\\\/lucianalluna.com\\\/habitualmente\\\/#\\\/schema\\\/person\\\/877ddd38b0ebfa261bc1b8db8ebc3743\",\"name\":\"llluna.psi\",\"image\":{\"@type\":\"ImageObject\",\"inLanguage\":\"pt-BR\",\"@id\":\"https:\\\/\\\/secure.gravatar.com\\\/avatar\\\/fd7828cafcc8e0dcb3d8dfe0a761586133106965efaf7b2db45b207d763d2283?s=96&d=mm&r=g\",\"url\":\"https:\\\/\\\/secure.gravatar.com\\\/avatar\\\/fd7828cafcc8e0dcb3d8dfe0a761586133106965efaf7b2db45b207d763d2283?s=96&d=mm&r=g\",\"contentUrl\":\"https:\\\/\\\/secure.gravatar.com\\\/avatar\\\/fd7828cafcc8e0dcb3d8dfe0a761586133106965efaf7b2db45b207d763d2283?s=96&d=mm&r=g\",\"caption\":\"llluna.psi\"},\"logo\":{\"@id\":\"https:\\\/\\\/secure.gravatar.com\\\/avatar\\\/fd7828cafcc8e0dcb3d8dfe0a761586133106965efaf7b2db45b207d763d2283?s=96&d=mm&r=g\"},\"description\":\"Sou Luciana L. Luna, Psic\u00f3loga Cl\u00ednica, graduada desde 2011, com atua\u00e7\u00e3o voltada para o atendimento psicol\u00f3gico online. Tenho me dedicado especialmente ao cuidado de pessoas que enfrentam sintomas de ansiedade, oferecendo um espa\u00e7o acolhedor, \u00e9tico e direcionado ao autoconhecimento e desenvolvimento emocional. Minha pr\u00e1tica \u00e9 fundamentada na Terapia Cognitivo-Comportamental (TCC), abordagem reconhecida cientificamente por sua efic\u00e1cia. Atrav\u00e9s dela, ajudo meus pacientes a compreenderem de forma mais clara a rela\u00e7\u00e3o entre pensamentos, emo\u00e7\u00f5es e comportamentos \u2014 promovendo mudan\u00e7as significativas na forma como interpretam e lidam com as situa\u00e7\u00f5es cotidianas. O objetivo \u00e9 que, com suporte t\u00e9cnico e reflex\u00e3o guiada, cada pessoa possa construir caminhos mais conscientes e saud\u00e1veis de enfrentamento, desenvolvendo uma nova forma de se relacionar consigo mesma, com os outros e com o mundo ao seu redor.\",\"sameAs\":[\"https:\\\/\\\/lucianalluna.com\\\/habitualmente\",\"https:\\\/\\\/www.instagram.com\\\/llluna.psi?igsh=MTg1ZDhqdGVyNG1reA==\"],\"url\":\"https:\\\/\\\/lucianalluna.com\\\/habitualmente\\\/author\\\/llluna-psi\\\/\"}]}<\/script>\n<!-- \/ Yoast SEO plugin. -->","yoast_head_json":{"title":"7 H\u00e1bitos Matinais Comprovados Pela Ci\u00eancia Que Transformam Seu Bem-Estar - Habitualmente","robots":{"index":"index","follow":"follow","max-snippet":"max-snippet:-1","max-image-preview":"max-image-preview:large","max-video-preview":"max-video-preview:-1"},"canonical":"https:\/\/lucianalluna.com\/habitualmente\/7-habitos-matinais-comprovados-pela-ciencia-que-transformam-seu-bem-estar\/","og_locale":"pt_BR","og_type":"article","og_title":"7 H\u00e1bitos Matinais Comprovados Pela Ci\u00eancia Que Transformam Seu Bem-Estar - Habitualmente","og_description":"Voc\u00ea j\u00e1 se perguntou por que algumas pessoas parecem ter energia, foco e motiva\u00e7\u00e3o todos os dias? A resposta pode estar na forma como elas come\u00e7am a manh\u00e3. Neste artigo, voc\u00ea vai conhecer 7 h\u00e1bitos matinais validados por pesquisas cient\u00edficas que podem transformar seu humor, sua sa\u00fade e sua produtividade. Come\u00e7ar o dia com h\u00e1bitos ... Ler mais","og_url":"https:\/\/lucianalluna.com\/habitualmente\/7-habitos-matinais-comprovados-pela-ciencia-que-transformam-seu-bem-estar\/","og_site_name":"Habitualmente","article_published_time":"2025-07-11T11:00:00+00:00","og_image":[{"width":1707,"height":2560,"url":"https:\/\/lucianalluna.com\/habitualmente\/wp-content\/uploads\/2025\/07\/mulher-elegante-passar-o-tempo-em-um-parque-primavera-scaled.jpg","type":"image\/jpeg"}],"author":"llluna.psi","twitter_card":"summary_large_image","twitter_misc":{"Escrito por":"llluna.psi","Est. tempo de leitura":"4 minutos"},"schema":{"@context":"https:\/\/schema.org","@graph":[{"@type":"Article","@id":"https:\/\/lucianalluna.com\/habitualmente\/7-habitos-matinais-comprovados-pela-ciencia-que-transformam-seu-bem-estar\/#article","isPartOf":{"@id":"https:\/\/lucianalluna.com\/habitualmente\/7-habitos-matinais-comprovados-pela-ciencia-que-transformam-seu-bem-estar\/"},"author":{"name":"llluna.psi","@id":"https:\/\/lucianalluna.com\/habitualmente\/#\/schema\/person\/877ddd38b0ebfa261bc1b8db8ebc3743"},"headline":"7 H\u00e1bitos Matinais Comprovados Pela Ci\u00eancia Que Transformam Seu Bem-Estar","datePublished":"2025-07-11T11:00:00+00:00","mainEntityOfPage":{"@id":"https:\/\/lucianalluna.com\/habitualmente\/7-habitos-matinais-comprovados-pela-ciencia-que-transformam-seu-bem-estar\/"},"wordCount":324,"commentCount":0,"publisher":{"@id":"https:\/\/lucianalluna.com\/habitualmente\/#\/schema\/person\/877ddd38b0ebfa261bc1b8db8ebc3743"},"image":{"@id":"https:\/\/lucianalluna.com\/habitualmente\/7-habitos-matinais-comprovados-pela-ciencia-que-transformam-seu-bem-estar\/#primaryimage"},"thumbnailUrl":"https:\/\/lucianalluna.com\/habitualmente\/wp-content\/uploads\/2025\/07\/mulher-elegante-passar-o-tempo-em-um-parque-primavera-683x1024.jpg","keywords":["alongar","ansiedade","autocuidado","bem-estar","Caf\u00e9 da manh\u00e3","corpo","depress\u00e3o","energia","equil\u00edbrio","h\u00e1bitos saud\u00e1veis","humor","ler","meditar","mente","produtividade"],"articleSection":["Blog"],"inLanguage":"pt-BR","potentialAction":[{"@type":"CommentAction","name":"Comment","target":["https:\/\/lucianalluna.com\/habitualmente\/7-habitos-matinais-comprovados-pela-ciencia-que-transformam-seu-bem-estar\/#respond"]}]},{"@type":"WebPage","@id":"https:\/\/lucianalluna.com\/habitualmente\/7-habitos-matinais-comprovados-pela-ciencia-que-transformam-seu-bem-estar\/","url":"https:\/\/lucianalluna.com\/habitualmente\/7-habitos-matinais-comprovados-pela-ciencia-que-transformam-seu-bem-estar\/","name":"7 H\u00e1bitos Matinais Comprovados Pela Ci\u00eancia Que Transformam Seu Bem-Estar - Habitualmente","isPartOf":{"@id":"https:\/\/lucianalluna.com\/habitualmente\/#website"},"primaryImageOfPage":{"@id":"https:\/\/lucianalluna.com\/habitualmente\/7-habitos-matinais-comprovados-pela-ciencia-que-transformam-seu-bem-estar\/#primaryimage"},"image":{"@id":"https:\/\/lucianalluna.com\/habitualmente\/7-habitos-matinais-comprovados-pela-ciencia-que-transformam-seu-bem-estar\/#primaryimage"},"thumbnailUrl":"https:\/\/lucianalluna.com\/habitualmente\/wp-content\/uploads\/2025\/07\/mulher-elegante-passar-o-tempo-em-um-parque-primavera-683x1024.jpg","datePublished":"2025-07-11T11:00:00+00:00","breadcrumb":{"@id":"https:\/\/lucianalluna.com\/habitualmente\/7-habitos-matinais-comprovados-pela-ciencia-que-transformam-seu-bem-estar\/#breadcrumb"},"inLanguage":"pt-BR","potentialAction":[{"@type":"ReadAction","target":["https:\/\/lucianalluna.com\/habitualmente\/7-habitos-matinais-comprovados-pela-ciencia-que-transformam-seu-bem-estar\/"]}]},{"@type":"ImageObject","inLanguage":"pt-BR","@id":"https:\/\/lucianalluna.com\/habitualmente\/7-habitos-matinais-comprovados-pela-ciencia-que-transformam-seu-bem-estar\/#primaryimage","url":"https:\/\/lucianalluna.com\/habitualmente\/wp-content\/uploads\/2025\/07\/mulher-elegante-passar-o-tempo-em-um-parque-primavera-scaled.jpg","contentUrl":"https:\/\/lucianalluna.com\/habitualmente\/wp-content\/uploads\/2025\/07\/mulher-elegante-passar-o-tempo-em-um-parque-primavera-scaled.jpg","width":1707,"height":2560,"caption":"Woman in a spring park. Brunette in a red dress. Girl near blossom tree."},{"@type":"BreadcrumbList","@id":"https:\/\/lucianalluna.com\/habitualmente\/7-habitos-matinais-comprovados-pela-ciencia-que-transformam-seu-bem-estar\/#breadcrumb","itemListElement":[{"@type":"ListItem","position":1,"name":"In\u00edcio","item":"https:\/\/lucianalluna.com\/habitualmente\/"},{"@type":"ListItem","position":2,"name":"7 H\u00e1bitos Matinais Comprovados Pela Ci\u00eancia Que Transformam Seu Bem-Estar"}]},{"@type":"WebSite","@id":"https:\/\/lucianalluna.com\/habitualmente\/#website","url":"https:\/\/lucianalluna.com\/habitualmente\/","name":"Habitualmente","description":"","publisher":{"@id":"https:\/\/lucianalluna.com\/habitualmente\/#\/schema\/person\/877ddd38b0ebfa261bc1b8db8ebc3743"},"alternateName":"H\u00e1bitos","potentialAction":[{"@type":"SearchAction","target":{"@type":"EntryPoint","urlTemplate":"https:\/\/lucianalluna.com\/habitualmente\/?s={search_term_string}"},"query-input":{"@type":"PropertyValueSpecification","valueRequired":true,"valueName":"search_term_string"}}],"inLanguage":"pt-BR"},{"@type":["Person","Organization"],"@id":"https:\/\/lucianalluna.com\/habitualmente\/#\/schema\/person\/877ddd38b0ebfa261bc1b8db8ebc3743","name":"llluna.psi","image":{"@type":"ImageObject","inLanguage":"pt-BR","@id":"https:\/\/secure.gravatar.com\/avatar\/fd7828cafcc8e0dcb3d8dfe0a761586133106965efaf7b2db45b207d763d2283?s=96&d=mm&r=g","url":"https:\/\/secure.gravatar.com\/avatar\/fd7828cafcc8e0dcb3d8dfe0a761586133106965efaf7b2db45b207d763d2283?s=96&d=mm&r=g","contentUrl":"https:\/\/secure.gravatar.com\/avatar\/fd7828cafcc8e0dcb3d8dfe0a761586133106965efaf7b2db45b207d763d2283?s=96&d=mm&r=g","caption":"llluna.psi"},"logo":{"@id":"https:\/\/secure.gravatar.com\/avatar\/fd7828cafcc8e0dcb3d8dfe0a761586133106965efaf7b2db45b207d763d2283?s=96&d=mm&r=g"},"description":"Sou Luciana L. Luna, Psic\u00f3loga Cl\u00ednica, graduada desde 2011, com atua\u00e7\u00e3o voltada para o atendimento psicol\u00f3gico online. Tenho me dedicado especialmente ao cuidado de pessoas que enfrentam sintomas de ansiedade, oferecendo um espa\u00e7o acolhedor, \u00e9tico e direcionado ao autoconhecimento e desenvolvimento emocional. Minha pr\u00e1tica \u00e9 fundamentada na Terapia Cognitivo-Comportamental (TCC), abordagem reconhecida cientificamente por sua efic\u00e1cia. Atrav\u00e9s dela, ajudo meus pacientes a compreenderem de forma mais clara a rela\u00e7\u00e3o entre pensamentos, emo\u00e7\u00f5es e comportamentos \u2014 promovendo mudan\u00e7as significativas na forma como interpretam e lidam com as situa\u00e7\u00f5es cotidianas. O objetivo \u00e9 que, com suporte t\u00e9cnico e reflex\u00e3o guiada, cada pessoa possa construir caminhos mais conscientes e saud\u00e1veis de enfrentamento, desenvolvendo uma nova forma de se relacionar consigo mesma, com os outros e com o mundo ao seu redor.","sameAs":["https:\/\/lucianalluna.com\/habitualmente","https:\/\/www.instagram.com\/llluna.psi?igsh=MTg1ZDhqdGVyNG1reA=="],"url":"https:\/\/lucianalluna.com\/habitualmente\/author\/llluna-psi\/"}]}},"_links":{"self":[{"href":"https:\/\/lucianalluna.com\/habitualmente\/wp-json\/wp\/v2\/posts\/311","targetHints":{"allow":["GET"]}}],"collection":[{"href":"https:\/\/lucianalluna.com\/habitualmente\/wp-json\/wp\/v2\/posts"}],"about":[{"href":"https:\/\/lucianalluna.com\/habitualmente\/wp-json\/wp\/v2\/types\/post"}],"author":[{"embeddable":true,"href":"https:\/\/lucianalluna.com\/habitualmente\/wp-json\/wp\/v2\/users\/1"}],"replies":[{"embeddable":true,"href":"https:\/\/lucianalluna.com\/habitualmente\/wp-json\/wp\/v2\/comments?post=311"}],"version-history":[{"count":1,"href":"https:\/\/lucianalluna.com\/habitualmente\/wp-json\/wp\/v2\/posts\/311\/revisions"}],"predecessor-version":[{"id":319,"href":"https:\/\/lucianalluna.com\/habitualmente\/wp-json\/wp\/v2\/posts\/311\/revisions\/319"}],"wp:attachment":[{"href":"https:\/\/lucianalluna.com\/habitualmente\/wp-json\/wp\/v2\/media?parent=311"}],"wp:term":[{"taxonomy":"category","embeddable":true,"href":"https:\/\/lucianalluna.com\/habitualmente\/wp-json\/wp\/v2\/categories?post=311"},{"taxonomy":"post_tag","embeddable":true,"href":"https:\/\/lucianalluna.com\/habitualmente\/wp-json\/wp\/v2\/tags?post=311"}],"curies":[{"name":"wp","href":"https:\/\/api.w.org\/{rel}","templated":true}]}}