{"id":84,"date":"2023-06-29T21:46:38","date_gmt":"2023-06-30T00:46:38","guid":{"rendered":"https:\/\/lucianalluna.com\/habitualmente\/?p=84"},"modified":"2025-10-30T19:54:33","modified_gmt":"2025-10-30T22:54:33","slug":"ansiedade-entenda-suas-causas-sintomas-e-estrategias","status":"publish","type":"post","link":"https:\/\/lucianalluna.com\/habitualmente\/ansiedade-entenda-suas-causas-sintomas-e-estrategias\/","title":{"rendered":"Ansiedade"},"content":{"rendered":"\n<p><\/p>\n\n\n<div class=\"wp-block-image\">\n<figure class=\"aligncenter size-full is-resized\"><img decoding=\"async\" src=\"https:\/\/lucianalluna.com\/habitualmente\/wp-content\/uploads\/2023\/06\/Sintomas-de-ansiedade-quando-ficar-atento.jpg\" alt=\"\" class=\"wp-image-120\" style=\"width:308px;height:308px\" width=\"308\" height=\"308\" srcset=\"https:\/\/lucianalluna.com\/habitualmente\/wp-content\/uploads\/2023\/06\/Sintomas-de-ansiedade-quando-ficar-atento.jpg 512w, https:\/\/lucianalluna.com\/habitualmente\/wp-content\/uploads\/2023\/06\/Sintomas-de-ansiedade-quando-ficar-atento-300x300.jpg 300w, https:\/\/lucianalluna.com\/habitualmente\/wp-content\/uploads\/2023\/06\/Sintomas-de-ansiedade-quando-ficar-atento-150x150.jpg 150w\" sizes=\"(max-width: 308px) 100vw, 308px\" \/><\/figure>\n<\/div>\n\n\n<div class=\"wp-block-columns is-layout-flex wp-container-core-columns-is-layout-9d6595d7 wp-block-columns-is-layout-flex\">\n<div class=\"wp-block-column is-layout-flow wp-block-column-is-layout-flow\">\n<p>Antes de tudo, vale ressaltar que a ansiedade \u00e9 uma condi\u00e7\u00e3o emocional que afeta milh\u00f5es de pessoas em todo o mundo, \u00e0 medida que mais e mais pessoas enfrentam os desafios de uma vida agitada e repleta de incertezas. Mas o que \u00e9 realmente a ansiedade e como podemos compreend\u00ea-la melhor para enfrent\u00e1-la de maneira eficaz? Contudo, neste artigo vamos desvendar, entender suas causas, sintomas e estrat\u00e9gias para lidar com ela de forma mais saud\u00e1vel e equilibrada. <\/p>\n\n\n\n<h2 class=\"wp-block-heading\"><strong>O Que \u00e9?<\/strong><\/h2>\n\n\n\n<p>A ansiedade \u00e9 uma resposta natural do corpo ao estresse. Em situa\u00e7\u00f5es de perigo iminente ou desafios, o c\u00e9rebro libera horm\u00f4nios como a adrenalina para preparar o corpo para a a\u00e7\u00e3o. Al\u00e9m disso, em determinados casos pode passar a ativar de forma desordenada o nosso sistema nervoso simp\u00e1tico, \u00f3rg\u00e3o respons\u00e1vel pelo estado de &#8220;luta e fuga&#8221;, &#8220;tomada de decis\u00e3o r\u00e1pida&#8221;, etc. No entanto, a ansiedade se torna um problema quando essa resposta \u00e9 ativada em situa\u00e7\u00f5es que n\u00e3o envolvem amea\u00e7as reais, levando a preocupa\u00e7\u00f5es excessivas e medos irracionais.<\/p>\n\n\n\n<p>Em outras palavras, voc\u00ea que sofre com a ansiedade pode vir a entend\u00ea-la unicamente como uma vil\u00e3. Ainda mais, quando se t\u00eam pensamentos negativos persistentes, ficando triste na maior parte do tempo e sem saber o que fazer. Nesse sentido, vai apenas \u201ccolocando para debaixo do tapete\u201d tudo o que est\u00e1 sentindo, consequentemente, o seu funcionamento fica comprometido. O corpo n\u00e3o aguenta e acaba somatizando (a mem\u00f3ria falha, procrastina, dorme mal, se alimenta mal, etc. <\/p>\n\n\n\n<p>Dessa forma, o seu primeiro movimento \u00e9 querer se afastar dessa \u201cdor\u201d emocional. Assim como, imagino que voc\u00ea deve estar se perguntando: &#8220;o que fa\u00e7o para n\u00e3o sentir esses desconfortos?&#8221; Por outro lado, se ao inv\u00e9s de voc\u00ea pensar em se afastar da &#8220;dor&#8221; emocional e quiser entender de onde vem a ansiedade, a pergunta a se fazer \u00e9: &#8220;quando, na minha vida, vale a pena sentir ansiedade?&#8221; Nesse sentido, voc\u00ea come\u00e7ar\u00e1 a compreender os seus valores e quais s\u00e3o as suas necessidades que n\u00e3o est\u00e3o sendo atendidas. <\/p>\n\n\n\n<h3 class=\"wp-block-heading\"><strong>Tipos<\/strong><\/h3>\n\n\n\n<ol class=\"wp-block-list\">\n<li><strong>Transtorno de Ansiedade Generalizada (TAG):<\/strong> Caracterizado por preocupa\u00e7\u00f5es cr\u00f4nicas e excessivas sobre v\u00e1rias \u00e1reas da vida, como trabalho, sa\u00fade e relacionamentos.<\/li>\n\n\n\n<li><strong>Transtorno do P\u00e2nico:<\/strong> Envolve a ocorr\u00eancia s\u00fabita de ataques de p\u00e2nico, que s\u00e3o epis\u00f3dios intensos de medo e ansiedade, muitas vezes acompanhados por sintomas f\u00edsicos como palpita\u00e7\u00f5es e sudorese.<\/li>\n\n\n\n<li><strong>Transtorno Obsessivo-Compulsivo (TOC):<\/strong> Caracterizado por pensamentos obsessivos e comportamentos compulsivos que a pessoa sente que precisa realizar para aliviar a ansiedade.<\/li>\n\n\n\n<li><strong>Fobias:<\/strong> Medos irracionais e intensos de objetos, situa\u00e7\u00f5es ou atividades espec\u00edficas, como voar, aranhas ou lugares lotados.<\/li>\n<\/ol>\n\n\n\n<h4 class=\"wp-block-heading\"><strong>Sintomas Comuns<\/strong><\/h4>\n\n\n\n<ul class=\"wp-block-list\">\n<li>Inquieta\u00e7\u00e3o constante<\/li>\n\n\n\n<li>Tens\u00e3o muscular<\/li>\n\n\n\n<li>Tonturas<\/li>\n\n\n\n<li>Dificuldade em concentrar-se<\/li>\n\n\n\n<li>Irritabilidade<\/li>\n\n\n\n<li>Preocupa\u00e7\u00f5es excessivas<\/li>\n\n\n\n<li>Palpita\u00e7\u00f5es<\/li>\n\n\n\n<li>Sudorese excessiva<\/li>\n\n\n\n<li>Ins\u00f4nia ou perturba\u00e7\u00f5es do sono<\/li>\n\n\n\n<li>Sensa\u00e7\u00e3o de falta de ar<\/li>\n\n\n\n<li>Sensa\u00e7\u00e3o de aperto no peito<\/li>\n\n\n\n<li>Tremores<\/li>\n\n\n\n<li>Ataques de p\u00e2nico<\/li>\n<\/ul>\n\n\n\n<h5 class=\"wp-block-heading\"><strong>Causas <\/strong><\/h5>\n\n\n\n<p>A ansiedade pode ser desencadeada por uma variedade de fatores, incluindo:<\/p>\n\n\n\n<ol class=\"wp-block-list\">\n<li><strong>Gen\u00e9tica:<\/strong> A predisposi\u00e7\u00e3o gen\u00e9tica desempenha um papel importante em muitos casos de ansiedade.<\/li>\n\n\n\n<li><strong>Ambiente:<\/strong> Eventos traum\u00e1ticos, estresse cr\u00f4nico, abuso, ou mesmo a cria\u00e7\u00e3o em um ambiente de alto estresse podem contribuir para o desenvolvimento da ansiedade.<\/li>\n\n\n\n<li><strong>Altera\u00e7\u00f5es Qu\u00edmicas no C\u00e9rebro:<\/strong> Desequil\u00edbrios nos neurotransmissores, como a serotonina, podem desempenhar um papel na ansiedade.<\/li>\n\n\n\n<li><strong>Condi\u00e7\u00f5es M\u00e9dicas:<\/strong> Algumas condi\u00e7\u00f5es m\u00e9dicas, como hipertireoidismo, podem causar sintomas de ansiedade.<\/li>\n<\/ol>\n\n\n\n<p><a href=\"https:\/\/sun.eduzz.com\/E94CE2E6\"><strong>Como Lidar de maneira eficaz?<\/strong><\/a><\/p>\n\n\n\n<p>A boa not\u00edcia \u00e9 que \u00e9 trat\u00e1vel e existem v\u00e1rias estrat\u00e9gias que podem ajudar a gerenci\u00e1-la:<\/p>\n\n\n\n<ol class=\"wp-block-list\">\n<li><strong>Terapia:<\/strong> A terapia cognitivo-comportamental (TCC) \u00e9 uma abordagem eficaz para tratar a ansiedade. Um terapeuta pode ajudar a identificar pensamentos e comportamentos negativos e ensinar t\u00e9cnicas para enfrent\u00e1-los.<\/li>\n\n\n\n<li><strong>Medica\u00e7\u00e3o:<\/strong> Em alguns casos, o uso de medicamentos sob prescri\u00e7\u00e3o m\u00e9dica pode ser necess\u00e1rio para controlar os sintomas.<\/li>\n\n\n\n<li><strong>Estilo de Vida Saud\u00e1vel:<\/strong> <a href=\"https:\/\/lucianalluna.com\/habitualmente\/?p=264&amp;preview=true\">Praticar exerc\u00edcios regularmente<\/a>, manter uma dieta equilibrada e garantir um sono adequado s\u00e3o passos importantes para reduzir a ansiedade.<\/li>\n\n\n\n<li><strong>Medita\u00e7\u00e3o e Relaxamento:<\/strong> T\u00e9cnicas de medita\u00e7\u00e3o, mindfulness e relaxamento podem ajudar a acalmar a mente e diminuir os sintomas.<\/li>\n\n\n\n<li><strong>Estabelecimento de Limites:<\/strong> Aprenda a dizer &#8220;n\u00e3o&#8221; quando necess\u00e1rio e estabele\u00e7a limites saud\u00e1veis para evitar sobrecarregar-se.<\/li>\n\n\n\n<li><strong>Suporte Social:<\/strong> Compartilhar seus sentimentos com amigos e familiares pode proporcionar um apoio valioso.<\/li>\n<\/ol>\n\n\n\n<h6 class=\"wp-block-heading\"><strong>Vivendo com Serenidade<\/strong><\/h6>\n\n\n\n<p>Da mesma forma, embora a ansiedade possa ser desafiadora, \u00e9 importante lembrar que voc\u00ea n\u00e3o est\u00e1 sozinho (a) e que a ajuda est\u00e1 dispon\u00edvel. Assim como, o tratamento eficaz pode permitir que voc\u00ea viva uma vida plena e significativa, portanto, n\u00e3o se envergonhe de buscar ajuda profissional quando necess\u00e1rio, pois essa \u00e9 uma escolha corajosa em dire\u00e7\u00e3o ao seu bem-estar. <\/p>\n\n\n\n<p>Por outro lado, lembre-se de que a ansiedade \u00e9 uma parte normal da experi\u00eancia humana, todos n\u00f3s enfrentamos momentos de preocupa\u00e7\u00e3o e tens\u00e3o em nossas vidas. Todavia, a chave est\u00e1 em aprender a lidar com esses desafios de forma saud\u00e1vel e construtiva. Como resultado, com as estrat\u00e9gias certas, voc\u00ea pode desvendar os n\u00f3s da ansiedade, permitindo que a serenidade flores\u00e7a em seu dia a dia. Assim, lembre-se de que voc\u00ea \u00e9 mais forte do que a sua ansiedade, e h\u00e1 um caminho para uma vida mais tranquila e equilibrada \u00e0 sua frente. Sob o mesmo ponto de vista, vale salientar que \u00e9 poss\u00edvel direcionar positivamente essa energia que a ansiedade causa no nosso corpo com a libera\u00e7\u00e3o de adrenalina. Focando em objetivos e se colocando em movimento em dire\u00e7\u00e3o \u00e0quilo que voc\u00ea deseja para sua vida.<\/p>\n\n\n\n<p>Por fim, a ansiedade \u00e9 uma condi\u00e7\u00e3o comum, mas pode ser bastante debilitante para quem a sofre. No entanto, para lidar com ela e seus sintomas, existem algumas op\u00e7\u00f5es de tratamentos dispon\u00edveis. Por exemplo, a terapia cognitivo-comportamental \u00e9 um m\u00e9todo eficaz que ajuda a mudar padr\u00f5es de pensamento e comportamento que contribuem para a ansiedade. Al\u00e9m disso, a medica\u00e7\u00e3o tamb\u00e9m pode ser \u00fatil no tratamento dos sintomas de ansiedade, mas deve ser prescrita por um m\u00e9dico ap\u00f3s uma avalia\u00e7\u00e3o cuidadosa. Esteja atento aos sintomas e procure ajuda profissional se eles se tornarem um problema recorrente. <\/p>\n\n\n\n<p><strong>OBS:<\/strong> Lembre-se: \u00e9 poss\u00edvel superar a ansiedade para levar uma vida plena e feliz. Voc\u00ea n\u00e3o \u00e9 a sua ansiedade! <\/p>\n\n\n\n<p><a href=\"https:\/\/sun.eduzz.com\/E94CE2E6\">A ansiedade est\u00e1 te paralisando? Aprenda a lidar de forma saud\u00e1vel com as suas emo\u00e7\u00f5es no dia a dia!<\/a><\/p>\n<\/div>\n<\/div>\n","protected":false},"excerpt":{"rendered":"<p>Antes de tudo, vale ressaltar que a ansiedade \u00e9 uma condi\u00e7\u00e3o emocional que afeta milh\u00f5es de pessoas em todo o mundo, \u00e0 medida que mais e mais pessoas enfrentam os desafios de uma vida agitada e repleta de incertezas. Mas o que \u00e9 realmente a ansiedade e como podemos compreend\u00ea-la melhor para enfrent\u00e1-la de maneira &#8230; <a title=\"Ansiedade\" class=\"read-more\" href=\"https:\/\/lucianalluna.com\/habitualmente\/ansiedade-entenda-suas-causas-sintomas-e-estrategias\/\" aria-label=\"Read more about Ansiedade\">Ler mais<\/a><\/p>\n","protected":false},"author":1,"featured_media":0,"comment_status":"closed","ping_status":"closed","sticky":false,"template":"","format":"standard","meta":{"footnotes":""},"categories":[1],"tags":[],"class_list":["post-84","post","type-post","status-publish","format-standard","hentry","category-blog"],"yoast_head":"<!-- This site is optimized with the Yoast SEO plugin v27.4 - https:\/\/yoast.com\/product\/yoast-seo-wordpress\/ -->\n<title>Ansiedade - Habitualmente<\/title>\n<meta name=\"robots\" content=\"index, follow, max-snippet:-1, max-image-preview:large, max-video-preview:-1\" \/>\n<link rel=\"canonical\" href=\"https:\/\/lucianalluna.com\/habitualmente\/ansiedade-entenda-suas-causas-sintomas-e-estrategias\/\" \/>\n<meta property=\"og:locale\" content=\"pt_BR\" \/>\n<meta property=\"og:type\" content=\"article\" \/>\n<meta property=\"og:title\" content=\"Ansiedade - Habitualmente\" \/>\n<meta property=\"og:description\" content=\"Antes de tudo, vale ressaltar que a ansiedade \u00e9 uma condi\u00e7\u00e3o emocional que afeta milh\u00f5es de pessoas em todo o mundo, \u00e0 medida que mais e mais pessoas enfrentam os desafios de uma vida agitada e repleta de incertezas. Mas o que \u00e9 realmente a ansiedade e como podemos compreend\u00ea-la melhor para enfrent\u00e1-la de maneira ... Ler mais\" \/>\n<meta property=\"og:url\" content=\"https:\/\/lucianalluna.com\/habitualmente\/ansiedade-entenda-suas-causas-sintomas-e-estrategias\/\" \/>\n<meta property=\"og:site_name\" content=\"Habitualmente\" \/>\n<meta property=\"article:published_time\" content=\"2023-06-30T00:46:38+00:00\" \/>\n<meta property=\"article:modified_time\" content=\"2025-10-30T22:54:33+00:00\" \/>\n<meta property=\"og:image\" content=\"https:\/\/lucianalluna.com\/habitualmente\/wp-content\/uploads\/2023\/06\/Sintomas-de-ansiedade-quando-ficar-atento.jpg\" \/>\n\t<meta property=\"og:image:width\" content=\"512\" \/>\n\t<meta property=\"og:image:height\" content=\"512\" \/>\n\t<meta property=\"og:image:type\" content=\"image\/jpeg\" \/>\n<meta name=\"author\" content=\"llluna.psi\" \/>\n<meta name=\"twitter:card\" content=\"summary_large_image\" \/>\n<meta name=\"twitter:label1\" content=\"Escrito por\" \/>\n\t<meta name=\"twitter:data1\" content=\"llluna.psi\" \/>\n\t<meta name=\"twitter:label2\" content=\"Est. tempo de leitura\" \/>\n\t<meta name=\"twitter:data2\" content=\"6 minutos\" \/>\n<script type=\"application\/ld+json\" class=\"yoast-schema-graph\">{\"@context\":\"https:\\\/\\\/schema.org\",\"@graph\":[{\"@type\":\"Article\",\"@id\":\"https:\\\/\\\/lucianalluna.com\\\/habitualmente\\\/ansiedade-entenda-suas-causas-sintomas-e-estrategias\\\/#article\",\"isPartOf\":{\"@id\":\"https:\\\/\\\/lucianalluna.com\\\/habitualmente\\\/ansiedade-entenda-suas-causas-sintomas-e-estrategias\\\/\"},\"author\":{\"name\":\"llluna.psi\",\"@id\":\"https:\\\/\\\/lucianalluna.com\\\/habitualmente\\\/#\\\/schema\\\/person\\\/877ddd38b0ebfa261bc1b8db8ebc3743\"},\"headline\":\"Ansiedade\",\"datePublished\":\"2023-06-30T00:46:38+00:00\",\"dateModified\":\"2025-10-30T22:54:33+00:00\",\"mainEntityOfPage\":{\"@id\":\"https:\\\/\\\/lucianalluna.com\\\/habitualmente\\\/ansiedade-entenda-suas-causas-sintomas-e-estrategias\\\/\"},\"wordCount\":1103,\"publisher\":{\"@id\":\"https:\\\/\\\/lucianalluna.com\\\/habitualmente\\\/#\\\/schema\\\/person\\\/877ddd38b0ebfa261bc1b8db8ebc3743\"},\"image\":{\"@id\":\"https:\\\/\\\/lucianalluna.com\\\/habitualmente\\\/ansiedade-entenda-suas-causas-sintomas-e-estrategias\\\/#primaryimage\"},\"thumbnailUrl\":\"https:\\\/\\\/lucianalluna.com\\\/habitualmente\\\/wp-content\\\/uploads\\\/2023\\\/06\\\/Sintomas-de-ansiedade-quando-ficar-atento.jpg\",\"articleSection\":[\"Blog\"],\"inLanguage\":\"pt-BR\"},{\"@type\":\"WebPage\",\"@id\":\"https:\\\/\\\/lucianalluna.com\\\/habitualmente\\\/ansiedade-entenda-suas-causas-sintomas-e-estrategias\\\/\",\"url\":\"https:\\\/\\\/lucianalluna.com\\\/habitualmente\\\/ansiedade-entenda-suas-causas-sintomas-e-estrategias\\\/\",\"name\":\"Ansiedade - Habitualmente\",\"isPartOf\":{\"@id\":\"https:\\\/\\\/lucianalluna.com\\\/habitualmente\\\/#website\"},\"primaryImageOfPage\":{\"@id\":\"https:\\\/\\\/lucianalluna.com\\\/habitualmente\\\/ansiedade-entenda-suas-causas-sintomas-e-estrategias\\\/#primaryimage\"},\"image\":{\"@id\":\"https:\\\/\\\/lucianalluna.com\\\/habitualmente\\\/ansiedade-entenda-suas-causas-sintomas-e-estrategias\\\/#primaryimage\"},\"thumbnailUrl\":\"https:\\\/\\\/lucianalluna.com\\\/habitualmente\\\/wp-content\\\/uploads\\\/2023\\\/06\\\/Sintomas-de-ansiedade-quando-ficar-atento.jpg\",\"datePublished\":\"2023-06-30T00:46:38+00:00\",\"dateModified\":\"2025-10-30T22:54:33+00:00\",\"breadcrumb\":{\"@id\":\"https:\\\/\\\/lucianalluna.com\\\/habitualmente\\\/ansiedade-entenda-suas-causas-sintomas-e-estrategias\\\/#breadcrumb\"},\"inLanguage\":\"pt-BR\",\"potentialAction\":[{\"@type\":\"ReadAction\",\"target\":[\"https:\\\/\\\/lucianalluna.com\\\/habitualmente\\\/ansiedade-entenda-suas-causas-sintomas-e-estrategias\\\/\"]}]},{\"@type\":\"ImageObject\",\"inLanguage\":\"pt-BR\",\"@id\":\"https:\\\/\\\/lucianalluna.com\\\/habitualmente\\\/ansiedade-entenda-suas-causas-sintomas-e-estrategias\\\/#primaryimage\",\"url\":\"https:\\\/\\\/lucianalluna.com\\\/habitualmente\\\/wp-content\\\/uploads\\\/2023\\\/06\\\/Sintomas-de-ansiedade-quando-ficar-atento.jpg\",\"contentUrl\":\"https:\\\/\\\/lucianalluna.com\\\/habitualmente\\\/wp-content\\\/uploads\\\/2023\\\/06\\\/Sintomas-de-ansiedade-quando-ficar-atento.jpg\",\"width\":512,\"height\":512},{\"@type\":\"BreadcrumbList\",\"@id\":\"https:\\\/\\\/lucianalluna.com\\\/habitualmente\\\/ansiedade-entenda-suas-causas-sintomas-e-estrategias\\\/#breadcrumb\",\"itemListElement\":[{\"@type\":\"ListItem\",\"position\":1,\"name\":\"In\u00edcio\",\"item\":\"https:\\\/\\\/lucianalluna.com\\\/habitualmente\\\/\"},{\"@type\":\"ListItem\",\"position\":2,\"name\":\"Ansiedade\"}]},{\"@type\":\"WebSite\",\"@id\":\"https:\\\/\\\/lucianalluna.com\\\/habitualmente\\\/#website\",\"url\":\"https:\\\/\\\/lucianalluna.com\\\/habitualmente\\\/\",\"name\":\"Habitualmente\",\"description\":\"\",\"publisher\":{\"@id\":\"https:\\\/\\\/lucianalluna.com\\\/habitualmente\\\/#\\\/schema\\\/person\\\/877ddd38b0ebfa261bc1b8db8ebc3743\"},\"alternateName\":\"H\u00e1bitos\",\"potentialAction\":[{\"@type\":\"SearchAction\",\"target\":{\"@type\":\"EntryPoint\",\"urlTemplate\":\"https:\\\/\\\/lucianalluna.com\\\/habitualmente\\\/?s={search_term_string}\"},\"query-input\":{\"@type\":\"PropertyValueSpecification\",\"valueRequired\":true,\"valueName\":\"search_term_string\"}}],\"inLanguage\":\"pt-BR\"},{\"@type\":[\"Person\",\"Organization\"],\"@id\":\"https:\\\/\\\/lucianalluna.com\\\/habitualmente\\\/#\\\/schema\\\/person\\\/877ddd38b0ebfa261bc1b8db8ebc3743\",\"name\":\"llluna.psi\",\"image\":{\"@type\":\"ImageObject\",\"inLanguage\":\"pt-BR\",\"@id\":\"https:\\\/\\\/secure.gravatar.com\\\/avatar\\\/fd7828cafcc8e0dcb3d8dfe0a761586133106965efaf7b2db45b207d763d2283?s=96&d=mm&r=g\",\"url\":\"https:\\\/\\\/secure.gravatar.com\\\/avatar\\\/fd7828cafcc8e0dcb3d8dfe0a761586133106965efaf7b2db45b207d763d2283?s=96&d=mm&r=g\",\"contentUrl\":\"https:\\\/\\\/secure.gravatar.com\\\/avatar\\\/fd7828cafcc8e0dcb3d8dfe0a761586133106965efaf7b2db45b207d763d2283?s=96&d=mm&r=g\",\"caption\":\"llluna.psi\"},\"logo\":{\"@id\":\"https:\\\/\\\/secure.gravatar.com\\\/avatar\\\/fd7828cafcc8e0dcb3d8dfe0a761586133106965efaf7b2db45b207d763d2283?s=96&d=mm&r=g\"},\"description\":\"Sou Luciana L. Luna, Psic\u00f3loga Cl\u00ednica, graduada desde 2011, com atua\u00e7\u00e3o voltada para o atendimento psicol\u00f3gico online. Tenho me dedicado especialmente ao cuidado de pessoas que enfrentam sintomas de ansiedade, oferecendo um espa\u00e7o acolhedor, \u00e9tico e direcionado ao autoconhecimento e desenvolvimento emocional. Minha pr\u00e1tica \u00e9 fundamentada na Terapia Cognitivo-Comportamental (TCC), abordagem reconhecida cientificamente por sua efic\u00e1cia. Atrav\u00e9s dela, ajudo meus pacientes a compreenderem de forma mais clara a rela\u00e7\u00e3o entre pensamentos, emo\u00e7\u00f5es e comportamentos \u2014 promovendo mudan\u00e7as significativas na forma como interpretam e lidam com as situa\u00e7\u00f5es cotidianas. O objetivo \u00e9 que, com suporte t\u00e9cnico e reflex\u00e3o guiada, cada pessoa possa construir caminhos mais conscientes e saud\u00e1veis de enfrentamento, desenvolvendo uma nova forma de se relacionar consigo mesma, com os outros e com o mundo ao seu redor.\",\"sameAs\":[\"https:\\\/\\\/lucianalluna.com\\\/habitualmente\",\"https:\\\/\\\/www.instagram.com\\\/llluna.psi?igsh=MTg1ZDhqdGVyNG1reA==\"],\"url\":\"https:\\\/\\\/lucianalluna.com\\\/habitualmente\\\/author\\\/llluna-psi\\\/\"}]}<\/script>\n<!-- \/ Yoast SEO plugin. -->","yoast_head_json":{"title":"Ansiedade - Habitualmente","robots":{"index":"index","follow":"follow","max-snippet":"max-snippet:-1","max-image-preview":"max-image-preview:large","max-video-preview":"max-video-preview:-1"},"canonical":"https:\/\/lucianalluna.com\/habitualmente\/ansiedade-entenda-suas-causas-sintomas-e-estrategias\/","og_locale":"pt_BR","og_type":"article","og_title":"Ansiedade - Habitualmente","og_description":"Antes de tudo, vale ressaltar que a ansiedade \u00e9 uma condi\u00e7\u00e3o emocional que afeta milh\u00f5es de pessoas em todo o mundo, \u00e0 medida que mais e mais pessoas enfrentam os desafios de uma vida agitada e repleta de incertezas. Mas o que \u00e9 realmente a ansiedade e como podemos compreend\u00ea-la melhor para enfrent\u00e1-la de maneira ... Ler mais","og_url":"https:\/\/lucianalluna.com\/habitualmente\/ansiedade-entenda-suas-causas-sintomas-e-estrategias\/","og_site_name":"Habitualmente","article_published_time":"2023-06-30T00:46:38+00:00","article_modified_time":"2025-10-30T22:54:33+00:00","og_image":[{"width":512,"height":512,"url":"https:\/\/lucianalluna.com\/habitualmente\/wp-content\/uploads\/2023\/06\/Sintomas-de-ansiedade-quando-ficar-atento.jpg","type":"image\/jpeg"}],"author":"llluna.psi","twitter_card":"summary_large_image","twitter_misc":{"Escrito por":"llluna.psi","Est. tempo de leitura":"6 minutos"},"schema":{"@context":"https:\/\/schema.org","@graph":[{"@type":"Article","@id":"https:\/\/lucianalluna.com\/habitualmente\/ansiedade-entenda-suas-causas-sintomas-e-estrategias\/#article","isPartOf":{"@id":"https:\/\/lucianalluna.com\/habitualmente\/ansiedade-entenda-suas-causas-sintomas-e-estrategias\/"},"author":{"name":"llluna.psi","@id":"https:\/\/lucianalluna.com\/habitualmente\/#\/schema\/person\/877ddd38b0ebfa261bc1b8db8ebc3743"},"headline":"Ansiedade","datePublished":"2023-06-30T00:46:38+00:00","dateModified":"2025-10-30T22:54:33+00:00","mainEntityOfPage":{"@id":"https:\/\/lucianalluna.com\/habitualmente\/ansiedade-entenda-suas-causas-sintomas-e-estrategias\/"},"wordCount":1103,"publisher":{"@id":"https:\/\/lucianalluna.com\/habitualmente\/#\/schema\/person\/877ddd38b0ebfa261bc1b8db8ebc3743"},"image":{"@id":"https:\/\/lucianalluna.com\/habitualmente\/ansiedade-entenda-suas-causas-sintomas-e-estrategias\/#primaryimage"},"thumbnailUrl":"https:\/\/lucianalluna.com\/habitualmente\/wp-content\/uploads\/2023\/06\/Sintomas-de-ansiedade-quando-ficar-atento.jpg","articleSection":["Blog"],"inLanguage":"pt-BR"},{"@type":"WebPage","@id":"https:\/\/lucianalluna.com\/habitualmente\/ansiedade-entenda-suas-causas-sintomas-e-estrategias\/","url":"https:\/\/lucianalluna.com\/habitualmente\/ansiedade-entenda-suas-causas-sintomas-e-estrategias\/","name":"Ansiedade - Habitualmente","isPartOf":{"@id":"https:\/\/lucianalluna.com\/habitualmente\/#website"},"primaryImageOfPage":{"@id":"https:\/\/lucianalluna.com\/habitualmente\/ansiedade-entenda-suas-causas-sintomas-e-estrategias\/#primaryimage"},"image":{"@id":"https:\/\/lucianalluna.com\/habitualmente\/ansiedade-entenda-suas-causas-sintomas-e-estrategias\/#primaryimage"},"thumbnailUrl":"https:\/\/lucianalluna.com\/habitualmente\/wp-content\/uploads\/2023\/06\/Sintomas-de-ansiedade-quando-ficar-atento.jpg","datePublished":"2023-06-30T00:46:38+00:00","dateModified":"2025-10-30T22:54:33+00:00","breadcrumb":{"@id":"https:\/\/lucianalluna.com\/habitualmente\/ansiedade-entenda-suas-causas-sintomas-e-estrategias\/#breadcrumb"},"inLanguage":"pt-BR","potentialAction":[{"@type":"ReadAction","target":["https:\/\/lucianalluna.com\/habitualmente\/ansiedade-entenda-suas-causas-sintomas-e-estrategias\/"]}]},{"@type":"ImageObject","inLanguage":"pt-BR","@id":"https:\/\/lucianalluna.com\/habitualmente\/ansiedade-entenda-suas-causas-sintomas-e-estrategias\/#primaryimage","url":"https:\/\/lucianalluna.com\/habitualmente\/wp-content\/uploads\/2023\/06\/Sintomas-de-ansiedade-quando-ficar-atento.jpg","contentUrl":"https:\/\/lucianalluna.com\/habitualmente\/wp-content\/uploads\/2023\/06\/Sintomas-de-ansiedade-quando-ficar-atento.jpg","width":512,"height":512},{"@type":"BreadcrumbList","@id":"https:\/\/lucianalluna.com\/habitualmente\/ansiedade-entenda-suas-causas-sintomas-e-estrategias\/#breadcrumb","itemListElement":[{"@type":"ListItem","position":1,"name":"In\u00edcio","item":"https:\/\/lucianalluna.com\/habitualmente\/"},{"@type":"ListItem","position":2,"name":"Ansiedade"}]},{"@type":"WebSite","@id":"https:\/\/lucianalluna.com\/habitualmente\/#website","url":"https:\/\/lucianalluna.com\/habitualmente\/","name":"Habitualmente","description":"","publisher":{"@id":"https:\/\/lucianalluna.com\/habitualmente\/#\/schema\/person\/877ddd38b0ebfa261bc1b8db8ebc3743"},"alternateName":"H\u00e1bitos","potentialAction":[{"@type":"SearchAction","target":{"@type":"EntryPoint","urlTemplate":"https:\/\/lucianalluna.com\/habitualmente\/?s={search_term_string}"},"query-input":{"@type":"PropertyValueSpecification","valueRequired":true,"valueName":"search_term_string"}}],"inLanguage":"pt-BR"},{"@type":["Person","Organization"],"@id":"https:\/\/lucianalluna.com\/habitualmente\/#\/schema\/person\/877ddd38b0ebfa261bc1b8db8ebc3743","name":"llluna.psi","image":{"@type":"ImageObject","inLanguage":"pt-BR","@id":"https:\/\/secure.gravatar.com\/avatar\/fd7828cafcc8e0dcb3d8dfe0a761586133106965efaf7b2db45b207d763d2283?s=96&d=mm&r=g","url":"https:\/\/secure.gravatar.com\/avatar\/fd7828cafcc8e0dcb3d8dfe0a761586133106965efaf7b2db45b207d763d2283?s=96&d=mm&r=g","contentUrl":"https:\/\/secure.gravatar.com\/avatar\/fd7828cafcc8e0dcb3d8dfe0a761586133106965efaf7b2db45b207d763d2283?s=96&d=mm&r=g","caption":"llluna.psi"},"logo":{"@id":"https:\/\/secure.gravatar.com\/avatar\/fd7828cafcc8e0dcb3d8dfe0a761586133106965efaf7b2db45b207d763d2283?s=96&d=mm&r=g"},"description":"Sou Luciana L. Luna, Psic\u00f3loga Cl\u00ednica, graduada desde 2011, com atua\u00e7\u00e3o voltada para o atendimento psicol\u00f3gico online. Tenho me dedicado especialmente ao cuidado de pessoas que enfrentam sintomas de ansiedade, oferecendo um espa\u00e7o acolhedor, \u00e9tico e direcionado ao autoconhecimento e desenvolvimento emocional. Minha pr\u00e1tica \u00e9 fundamentada na Terapia Cognitivo-Comportamental (TCC), abordagem reconhecida cientificamente por sua efic\u00e1cia. Atrav\u00e9s dela, ajudo meus pacientes a compreenderem de forma mais clara a rela\u00e7\u00e3o entre pensamentos, emo\u00e7\u00f5es e comportamentos \u2014 promovendo mudan\u00e7as significativas na forma como interpretam e lidam com as situa\u00e7\u00f5es cotidianas. O objetivo \u00e9 que, com suporte t\u00e9cnico e reflex\u00e3o guiada, cada pessoa possa construir caminhos mais conscientes e saud\u00e1veis de enfrentamento, desenvolvendo uma nova forma de se relacionar consigo mesma, com os outros e com o mundo ao seu redor.","sameAs":["https:\/\/lucianalluna.com\/habitualmente","https:\/\/www.instagram.com\/llluna.psi?igsh=MTg1ZDhqdGVyNG1reA=="],"url":"https:\/\/lucianalluna.com\/habitualmente\/author\/llluna-psi\/"}]}},"_links":{"self":[{"href":"https:\/\/lucianalluna.com\/habitualmente\/wp-json\/wp\/v2\/posts\/84","targetHints":{"allow":["GET"]}}],"collection":[{"href":"https:\/\/lucianalluna.com\/habitualmente\/wp-json\/wp\/v2\/posts"}],"about":[{"href":"https:\/\/lucianalluna.com\/habitualmente\/wp-json\/wp\/v2\/types\/post"}],"author":[{"embeddable":true,"href":"https:\/\/lucianalluna.com\/habitualmente\/wp-json\/wp\/v2\/users\/1"}],"replies":[{"embeddable":true,"href":"https:\/\/lucianalluna.com\/habitualmente\/wp-json\/wp\/v2\/comments?post=84"}],"version-history":[{"count":8,"href":"https:\/\/lucianalluna.com\/habitualmente\/wp-json\/wp\/v2\/posts\/84\/revisions"}],"predecessor-version":[{"id":330,"href":"https:\/\/lucianalluna.com\/habitualmente\/wp-json\/wp\/v2\/posts\/84\/revisions\/330"}],"wp:attachment":[{"href":"https:\/\/lucianalluna.com\/habitualmente\/wp-json\/wp\/v2\/media?parent=84"}],"wp:term":[{"taxonomy":"category","embeddable":true,"href":"https:\/\/lucianalluna.com\/habitualmente\/wp-json\/wp\/v2\/categories?post=84"},{"taxonomy":"post_tag","embeddable":true,"href":"https:\/\/lucianalluna.com\/habitualmente\/wp-json\/wp\/v2\/tags?post=84"}],"curies":[{"name":"wp","href":"https:\/\/api.w.org\/{rel}","templated":true}]}}